{"id":18166,"date":"2015-02-23T00:00:00","date_gmt":"2015-02-23T03:00:00","guid":{"rendered":"https:\/\/www.cnbb.org.br\/riial-e-celam-organizam-projeto-sobre-a-cultura-digital-na-familia\/"},"modified":"2020-03-11T16:48:02","modified_gmt":"2020-03-11T19:48:02","slug":"riial-e-celam-organizam-projeto-sobre-a-cultura-digital-na-familia","status":"publish","type":"post","link":"https:\/\/www.cnbb.org.br\/riial-e-celam-organizam-projeto-sobre-a-cultura-digital-na-familia\/","title":{"rendered":"RIIAL e Celam organizam projeto sobre a cultura digital na fam\u00edlia"},"content":{"rendered":"<p style=\"text-align: justify\">A Rede de Inform\u00e1tica da Igreja na Am\u00e9rica Latina (RIIAL) e o Conselho Episcopal Latino-americano (Celam) lan\u00e7am o projeto de investiga\u00e7\u00e3o sobre cultura digital na fam\u00edlia. A iniciativa ser\u00e1 desenvolvida durante os anos de 2015 e 2016 e reunir\u00e1 pesquisadores do Cone Sul, Brasil, Am\u00e9rica Central, Caribe e pa\u00edses bolivarianos.<\/p>\n<p><!--more--><\/p>\n<p style=\"text-align: justify\">O projeto investigar\u00e1 a incid\u00eancia direta ou indireta da cultura digital, um dos temas mais relevantes na era da comunica\u00e7\u00e3o, nas fam\u00edlias latino-americanas.<\/p>\n<p style=\"text-align: justify\">O projeto surge no ano em que o papa Francisco convocou a 14\u00aa Assembleia Geral do S\u00ednodo dos Bispos, que tratar\u00e1 sobre o tema \u201cA voca\u00e7\u00e3o e miss\u00e3o da fam\u00edlia na Igreja e no mundo contempor\u00e2neo\u201d.<\/p>\n<p style=\"text-align: justify\">De acordo com informa\u00e7\u00f5es do Celam, a pesquisa ser\u00e1 feita a partir de uma metodologia baseada em instrumentos de an\u00e1lise quantitivos e qualitativos. Haver\u00e1 um question\u00e1rio online dirigido \u00e0s fam\u00edlias, al\u00e9m de discuss\u00f5es de estudos de casos em grupos.<\/p>\n<p style=\"text-align: justify\">O projeto \u00e9 parte da miss\u00e3o geral da RIIAL que, desde os anos 80, impulsiona um maior debate sobre as tecnologias da informa\u00e7\u00e3o e a comunica\u00e7\u00e3o em suas linguagens para evangelizar por meio do \u2018continente\u2019 digital, promovendo espa\u00e7os de estudos, pesquisas e forma\u00e7\u00e3o.<\/p>\n<p style=\"text-align: justify\">Informa\u00e7\u00f5es com Gladys Hern\u00e1ndez, coordenadora geral do projeto, pelo e-mail: cedal@colnodo.apc.org<\/p>\n<h5 style=\"text-align: justify\"><\/h5>\n<h5 style=\"text-align: justify\">Com informa\u00e7\u00f5es do Celam<\/h5>\n","protected":false},"excerpt":{"rendered":"<p>A Rede de Inform\u00e1tica da Igreja na Am\u00e9rica Latina (RIIAL) e o Conselho Episcopal Latino-americano (Celam) lan\u00e7am o projeto de investiga\u00e7\u00e3o sobre cultura digital na fam\u00edlia. A iniciativa ser\u00e1 desenvolvida durante os anos de 2015 e 2016 e reunir\u00e1 pesquisadores do Cone Sul, Brasil, Am\u00e9rica Central, Caribe e pa\u00edses bolivarianos.<\/p>\n","protected":false},"author":83,"featured_media":18167,"comment_status":"open","ping_status":"open","sticky":false,"template":"","format":"standard","meta":{"site-sidebar-layout":"default","site-content-layout":"default","ast-global-header-display":"","ast-banner-title-visibility":"","ast-main-header-display":"","ast-hfb-above-header-display":"","ast-hfb-below-header-display":"","ast-hfb-mobile-header-display":"","site-post-title":"","ast-breadcrumbs-content":"","ast-featured-img":"","footer-sml-layout":"","theme-transparent-header-meta":"","adv-header-id-meta":"","stick-header-meta":"","header-above-stick-meta":"","header-main-stick-meta":"","header-below-stick-meta":""},"categories":[777],"tags":[],"acf":[],"_links":{"self":[{"href":"https:\/\/www.cnbb.org.br\/cnbb-app\/wp\/v2\/posts\/18166"}],"collection":[{"href":"https:\/\/www.cnbb.org.br\/cnbb-app\/wp\/v2\/posts"}],"about":[{"href":"https:\/\/www.cnbb.org.br\/cnbb-app\/wp\/v2\/types\/post"}],"author":[{"embeddable":true,"href":"https:\/\/www.cnbb.org.br\/cnbb-app\/wp\/v2\/users\/83"}],"replies":[{"embeddable":true,"href":"https:\/\/www.cnbb.org.br\/cnbb-app\/wp\/v2\/comments?post=18166"}],"version-history":[{"count":0,"href":"https:\/\/www.cnbb.org.br\/cnbb-app\/wp\/v2\/posts\/18166\/revisions"}],"wp:featuredmedia":[{"embeddable":true,"href":"https:\/\/www.cnbb.org.br\/cnbb-app\/wp\/v2\/media\/18167"}],"wp:attachment":[{"href":"https:\/\/www.cnbb.org.br\/cnbb-app\/wp\/v2\/media?parent=18166"}],"wp:term":[{"taxonomy":"category","embeddable":true,"href":"https:\/\/www.cnbb.org.br\/cnbb-app\/wp\/v2\/categories?post=18166"},{"taxonomy":"post_tag","embeddable":true,"href":"https:\/\/www.cnbb.org.br\/cnbb-app\/wp\/v2\/tags?post=18166"}],"curies":[{"name":"wp","href":"https:\/\/api.w.org\/{rel}","templated":true}]}}