{"id":18191,"date":"2016-02-10T00:00:00","date_gmt":"2016-02-10T02:00:00","guid":{"rendered":"https:\/\/www.cnbb.org.br\/falta-de-saneamento-basico-destroi-a-casa-comum-e-a-vida-da-familia-que-habita-essa-casa-diz-dom-sergio\/"},"modified":"2020-03-11T16:47:58","modified_gmt":"2020-03-11T19:47:58","slug":"falta-de-saneamento-basico-destroi-a-casa-comum-e-a-vida-da-familia-que-habita-essa-casa-diz-dom-sergio","status":"publish","type":"post","link":"https:\/\/www.cnbb.org.br\/falta-de-saneamento-basico-destroi-a-casa-comum-e-a-vida-da-familia-que-habita-essa-casa-diz-dom-sergio\/","title":{"rendered":"\u201cFalta de saneamento b\u00e1sico destr\u00f3i a casa comum e a vida da fam\u00edlia que habita essa casa\u201d, diz dom Sergio"},"content":{"rendered":"<p style=\"text-align: justify\">Presidente da CNBB ressaltou atualidade e urg\u00eancia da tem\u00e1tica da CFE 2016<\/p>\n<p><!--more--><\/p>\n<p style=\"text-align: justify\">\n<p style=\"text-align: justify\">A Campanha da Fraternidade Ecum\u00eanica 2016 foi aberta \u00a0pela Confer\u00eancia Nacional dos Bispos do Brasil (CNBB) e pelo Conselho Nacional de Igrejas Crist\u00e3s (Conic), nesta Quarta-feira de Cinzas, 10, na sede da Confer\u00eancia, em Bras\u00edlia (DF).<\/p>\n<p style=\"text-align: justify\">O evento foi presidido pelo bispo da Igreja Anglicana do Brasil e presidente do Conic, dom Fl\u00e1vio Irala. Compuseram \u00e0 mesa o arcebispo de Bras\u00edlia e presidente da CNBB, dom Sergio da Rocha; o ministro das Cidades, Gilberto Kassab; o diretor da Misereor, monsenhor Firmino Spiegel; o presidente da Igreja Evang\u00e9lica de Confiss\u00e3o Luterana no Brasil, pastor Nestor Friedrich; o arcebispo da Igreja Sirian Ortodoxa de Antioquia, dom Paulo Titus Hanna; o presidente da Alian\u00e7a Batista, pastorl Joel Zeferino; o moderador da Igreja Presbiteriana Unida, presb\u00edtero Wertson Brasil; e o representante da Igreja Anglicana, reverendo Arthur Cavalcante.<\/p>\n<h3 style=\"text-align: justify\">Saneamento b\u00e1sico<\/h3>\n<p style=\"text-align: justify\">Na ocasi\u00e3o, o arcebispo de Bras\u00edlia e presidente da entidade, dom Sergio da Rocha, ressaltou a atualidade e a urg\u00eancia do tema \u201cCasa comum, nossa responsabilidade\u201d, que tem como foco no saneamento b\u00e1sico. Ao denunciar a exposi\u00e7\u00e3o da popula\u00e7\u00e3o ao mosquito aedes aegypit, vetor dos v\u00edrus da dengue, chikungunyae e zika, dom Sergio afirmou que a \u201cfalta de saneamento b\u00e1sico destr\u00f3i a casa comum e a vida da fam\u00edlia que habita essa casa\u201d.<\/p>\n<p style=\"text-align: justify\">\u201cO tema desse ano \u00e9 de grande atualidade e urg\u00eancia. O cuidado da casa comum, pondo em relevo o saneamento b\u00e1sico, n\u00e3o pode ser descuidado, nem pode ser deixado para depois, necessita da aten\u00e7\u00e3o e dos esfor\u00e7os de todos. H\u00e1 muita coisa a ser feita por cada pessoa, espontaneamente, mas, embora seja sempre muito importante o que cada um pode fazer pessoalmente, n\u00f3s necessitamos muito da viv\u00eancia comunit\u00e1ria da Campanha, de iniciativas e de a\u00e7\u00f5es comunit\u00e1rias, ent\u00e3o, cada comunidade \u00e9 convidada a refletir sobre o que fazer em sua realidade local, quais a\u00e7\u00f5es comunit\u00e1rias realizar motivadas por esta Campanha\u201d, disse dom Sergio.<\/p>\n<p style=\"text-align: justify\">\u201cEstou certo de que queremos ver o direito brotar, n\u00e3o o lixo se espalhar; queremos ver a justi\u00e7a e n\u00e3o o esgoto correr como riacho; queremos ver a \u00e1gua ser assegurada como direito e usada com responsabilidade; queremos ver a casa comum cuidada de modo correspons\u00e1vel\u201d, exortou ao lembrar do lema da Campanha \u201cQuero ver o direito brotar como fonte e correr a justi\u00e7a qual riacho que n\u00e3o seca\u201d (Am 5.24),<\/p>\n<p style=\"text-align: justify\">Para o ministro das Cidades, Gilberto Kassab, o tema \u201c\u00e9 muito apropriado ao que se vive no Brasil e em alguns pa\u00edses do mundo\u201d e est\u00e1 vinculado diretamente \u00e0 dignidade, ao combate \u00e0 pobreza e \u00e0 sa\u00fade p\u00fablica. Kassab tamb\u00e9m assumiu que o Brasil est\u00e1 aqu\u00e9m do ideal nos \u00edndices de saneamento b\u00e1sico, apesar de que nos \u00faltimos anos tenha melhorado alguns indicadores. O ministro prometeu investimentos para continuar avan\u00e7ando. \u201cO Governo Federal far\u00e1 sua parte num esfor\u00e7o muito grande para dar apoio \u00e0 essa Campanha da Fraternidade\u201d, afirmou.<\/p>\n<p style=\"text-align: justify\">O bispo da Igreja Anglicana do Brasil e presidente do Conic, dom Fl\u00e1vio Irala, recordou que o tema aponta o saneamento b\u00e1sico como um bem essencial para a concretiza\u00e7\u00e3o de todos os direitos humanos. \u201cPortanto, nenhuma pessoa pode ser privada do acesso aos benef\u00edcios de saneamento b\u00e1sico em fun\u00e7\u00e3o de sua condi\u00e7\u00e3o socioecon\u00f4mica\u201d, disse. Para o bispo anglicano, o Conic compreende que o acesso ao saneamento deve ser considerado um \u201cbem de car\u00e1ter p\u00fablico destinado \u00e0 inclus\u00e3o social e a garantia dos principais instrumentos de prote\u00e7\u00e3o da qualidade dos recursos h\u00eddricos, dos inibidores de doen\u00e7as, como c\u00f3lera, febre amarela, dengue, diarreia, bem como para evitar a prolifera\u00e7\u00e3o do v\u00edrus zika\u201d.<\/p>\n<p style=\"text-align: justify\">Irala prop\u00f4s tr\u00eas pontos para mobiliza\u00e7\u00e3o. Um relacionado \u00e0 participa\u00e7\u00e3o popular nos planos municipais de saneamento b\u00e1sico, outro que pede o fim dos \u201crios mortos\u201d e, por fim, um pedido para que a constru\u00e7\u00e3o de usinas no Rio Tapaj\u00f3s, em Santar\u00e9m (PA), n\u00e3o seja realizada sem consulta \u00e0 popula\u00e7\u00e3o.<\/p>\n<h3 style=\"text-align: justify\">Apoio internacional<\/h3>\n<p style=\"text-align: justify\">O diretor geral da Misereor, entidade episcopal da Igreja Cat\u00f3lica na Alemanha que trabalha na coopera\u00e7\u00e3o para o desenvolvimento de pa\u00edses da \u00c1sia, da \u00c1frica e da Am\u00e9rica Latina, monsenhor Pirmim Spiegel, falou sobre as bases que as ra\u00edzes do tema da CFE 2016. Spiegel citou o acordo Rio 92, o subt\u00edtulo da enc\u00edclica do papa Francisco sobre o cuidado da casa comum e o apelo das Na\u00e7\u00f5es Unidas para que as religi\u00f5es e as Igrejas contribuam para solucionar os grandes problemas do planeta. Ao recordar o Ano Santo e as palavras de dom Helder C\u00e2mara, afirmou que \u201ccomo crist\u00e3os e crist\u00e3s n\u00e3o podemos ser indiferentes que o nosso pr\u00f3ximo sofra\u201d.<\/p>\n<p style=\"text-align: justify\">\u201cN\u00f3s estamos convencidos que as verdadeiras fronteiras n\u00e3o s\u00e3o entre os pa\u00edses, mas, sim, quem \u00e9 livre e n\u00e3o livre, entre ser rico e pobre, entre ter acesso e n\u00e3o ter acesso aos servi\u00e7os essenciais. Por meio dessa CF, conjunta e internacional, queremos ser um sinal de esperan\u00e7a e abrir caminho para o sonho de Deus, que haja direito e justi\u00e7a para todos\u201d, afirmou monsenhor Pirmim.<\/p>\n<h3 style=\"text-align: justify\">Mensagens<\/h3>\n<p style=\"text-align: justify\">Como de costume, o papa Francisco enviou uma mensagem aos brasileiros por ocasi\u00e3o da Campanha da Fraternidade. O pont\u00edfice recordou a responsabilidade pela Casa Comum e que envolve os governantes e toda a sociedade.<\/p>\n<p style=\"text-align: justify\">\u201cPessoas s\u00e3o chamadas a tomar iniciativas em que se unam as Igrejas e as diversas express\u00f5es religiosas e todas as pessoas de boa vontade na promo\u00e7\u00e3o da justi\u00e7a e do direito ao saneamento b\u00e1sico. O acesso \u00e0 \u00e1gua pot\u00e1vel e ao esgotamento sanit\u00e1rio \u00e9 condi\u00e7\u00e3o necess\u00e1ria para a supera\u00e7\u00e3o da injusti\u00e7a social e para a erradica\u00e7\u00e3o da pobreza e da fome, para a supera\u00e7\u00e3o dos altos \u00edndices de mortalidade infantil e de doen\u00e7as evit\u00e1veis, e para a sustentabilidade ambiental\u201d.<\/p>\n<p style=\"text-align: justify\">Em seu texto, o papa apontou para a abordagem da enc\u00edclica Laudato Si\u2019, que colabora com as reflex\u00f5es da Campanha. S\u00e3o indicados alguns par\u00e1grafos que abordam o acesso \u00e0 \u00e1gua pot\u00e1vel como \u201cdireito humano essencial, fundamental e universal, porque determina a sobreviv\u00eancia das pessoas e, portanto, \u00e9 condi\u00e7\u00e3o para o exerc\u00edcio dos outros direitos humanos\u201d. Francisco tamb\u00e9m falou sobre a ecologia integral e a cultura ecol\u00f3gica, \u00e0s quais \u201cn\u00e3o pode se limitar a respostas parciais, como se os problemas estivessem isolados\u201d.<\/p>\n<p style=\"text-align: justify\">No per\u00edodo da Quaresma, o papa convidou ao redescobrimento de como a espiritualidade crist\u00e3 \u201cse aprofunda quando superamos \u2018a tenta\u00e7\u00e3o de ser crist\u00e3os, mantendo uma prudente dist\u00e2ncia das chagas do Senhor\u2019 e descobrimos que Jesus quer \u2018que toquemos a carne sofredora dos outros\u2019, dedicando-nos ao \u2018cuidado generoso e cheio de ternura\u2019 de nossos irm\u00e3os e irm\u00e3s e de toda a cria\u00e7\u00e3o\u201d.<\/p>\n<p style=\"text-align: justify\">O secret\u00e1rio do Conselho Mundial de Igrejas (CMI), Olav Fykse Tveit, tamb\u00e9m enviou mensagem. Ele sugeriu que o tema da CFE lembra que \u201ca comunidade humana est\u00e1 inserida numa comunidade mais ampla na terra, que por sua vez, \u00e9 parte da morada da vida de Deus\u201d.<\/p>\n<p style=\"text-align: justify\">Tveit tamb\u00e9m analisou a necessidade de mudan\u00e7as e transforma\u00e7\u00f5es, apontando que a\u00e7\u00f5es unilaterais, isoladas de pa\u00edses n\u00e3o s\u00e3o suficientes para confrontar a situa\u00e7\u00e3o os problemas mais profundos desta \u201ccrise m\u00faltipla da vida\u201d. Ele considera necess\u00e1rio encontrar uma maneira de fechar o abismo que existe entre ricos e pobres.<\/p>\n<p style=\"text-align: justify\">\n<p style=\"text-align: justify\">\n","protected":false},"excerpt":{"rendered":"<p>Presidente da CNBB ressaltou atualidade e urg\u00eancia da tem\u00e1tica da CFE 2016<\/p>\n","protected":false},"author":83,"featured_media":18192,"comment_status":"open","ping_status":"open","sticky":false,"template":"","format":"standard","meta":{"site-sidebar-layout":"default","site-content-layout":"default","ast-global-header-display":"","ast-banner-title-visibility":"","ast-main-header-display":"","ast-hfb-above-header-display":"","ast-hfb-below-header-display":"","ast-hfb-mobile-header-display":"","site-post-title":"","ast-breadcrumbs-content":"","ast-featured-img":"","footer-sml-layout":"","theme-transparent-header-meta":"","adv-header-id-meta":"","stick-header-meta":"","header-above-stick-meta":"","header-main-stick-meta":"","header-below-stick-meta":""},"categories":[777],"tags":[],"acf":[],"_links":{"self":[{"href":"https:\/\/www.cnbb.org.br\/cnbb-app\/wp\/v2\/posts\/18191"}],"collection":[{"href":"https:\/\/www.cnbb.org.br\/cnbb-app\/wp\/v2\/posts"}],"about":[{"href":"https:\/\/www.cnbb.org.br\/cnbb-app\/wp\/v2\/types\/post"}],"author":[{"embeddable":true,"href":"https:\/\/www.cnbb.org.br\/cnbb-app\/wp\/v2\/users\/83"}],"replies":[{"embeddable":true,"href":"https:\/\/www.cnbb.org.br\/cnbb-app\/wp\/v2\/comments?post=18191"}],"version-history":[{"count":0,"href":"https:\/\/www.cnbb.org.br\/cnbb-app\/wp\/v2\/posts\/18191\/revisions"}],"wp:featuredmedia":[{"embeddable":true,"href":"https:\/\/www.cnbb.org.br\/cnbb-app\/wp\/v2\/media\/18192"}],"wp:attachment":[{"href":"https:\/\/www.cnbb.org.br\/cnbb-app\/wp\/v2\/media?parent=18191"}],"wp:term":[{"taxonomy":"category","embeddable":true,"href":"https:\/\/www.cnbb.org.br\/cnbb-app\/wp\/v2\/categories?post=18191"},{"taxonomy":"post_tag","embeddable":true,"href":"https:\/\/www.cnbb.org.br\/cnbb-app\/wp\/v2\/tags?post=18191"}],"curies":[{"name":"wp","href":"https:\/\/api.w.org\/{rel}","templated":true}]}}