{"id":18202,"date":"2016-07-11T00:00:00","date_gmt":"2016-07-11T03:00:00","guid":{"rendered":"https:\/\/www.cnbb.org.br\/londrina-recebe-congresso-internacional-de-familias\/"},"modified":"2020-03-11T16:47:56","modified_gmt":"2020-03-11T19:47:56","slug":"londrina-recebe-congresso-internacional-de-familias","status":"publish","type":"post","link":"https:\/\/www.cnbb.org.br\/londrina-recebe-congresso-internacional-de-familias\/","title":{"rendered":"&#8220;A beleza da voca\u00e7\u00e3o matrimonial&#8221; \u00e9 tema Congresso Internacional de Fam\u00edlias"},"content":{"rendered":"<p style=\"text-align: justify\">Evento \u00e9 promovido pela Obra das Fam\u00edlias do Movimento de Schoenstatt<\/p>\n<p><!--more--><\/p>\n<p style=\"text-align: justify\">\u00a0\u201cA beleza da voca\u00e7\u00e3o matrimonial\u201d \u00e9 o tema do Congresso Internacional de Fam\u00edlias, que ser\u00e1 promovido pela Obra das Fam\u00edlias do Movimento Apost\u00f3lico de Schoenstatt, de 15 a 17 de julho, em Londrina (PR). O evento \u00e9 inspirado pelas \u00faltimas assembleias sinodais e pela \u201ccorrente de reflex\u00f5es\u201d sobre a fam\u00edlia que anima a Igreja, de acordo com os organizadores.<\/p>\n<p style=\"text-align: justify\">Para o evento, s\u00e3o esperados representantes de toda a Obra das Fam\u00edlias de Schoenstatt &#8211; que \u00e9 formada pela Liga Apost\u00f3lica, Uni\u00e3o Apost\u00f3lica e Instituto de Fam\u00edlias \u2013 de v\u00e1rios pa\u00edses. No Brasil, cerca de 2 mil fam\u00edlias integram as comunidades de Schoenstatt.<\/p>\n<p style=\"text-align: justify\">O Congresso ter\u00e1 entre os palestrantes o casal Luis e Pilar Jensen, do Chile, que fez parte da comiss\u00e3o para o S\u00ednodo das Fam\u00edlias. Outra palestrante ser\u00e1 a irm\u00e3 Maria Fernanda Balan, que atuou por v\u00e1rios anos na Pastoral Familiar junto \u00e0 CNBB. Os assistentes nacional e internacional do Instituto de Fam\u00edlias de Schoenstatt, respectivamente, padre Ivan Simicic e padre Marcel Mouras, tamb\u00e9m ser\u00e3o facilitadores do Congresso, assim como o casal de argentinos Pepo e Patricia Kostner, membros da dire\u00e7\u00e3o geral do Instituto.<\/p>\n<h3 style=\"text-align: justify\">Mem\u00f3ria<\/h3>\n<p style=\"text-align: justify\">A hist\u00f3ria do primeiro casal a ingressar no Instituto de Fam\u00edlias ser\u00e1 um dos enfoques do encontro, segundo a organiza\u00e7\u00e3o. Helene e Friedrich K\u00fchr foram co-fundadores, junto ao padre Jos\u00e9 Kentenich, da Obra Familiar de Schoenstatt.<\/p>\n<p style=\"text-align: justify\">Friedrich K\u00fchr, diplomata alem\u00e3o, foi prisioneiro no campo de concentra\u00e7\u00e3o de Dachau, onde conheceu o padre Jos\u00e9 Kentenich. Ele fez sua consagra\u00e7\u00e3o e se\u00a0tornou\u00a0o primeiro novi\u00e7o do Instituto em 16 de julho de 1942.\u00a0Helene, por sua vez, viajara ao Brasil para conhecer as terras que haviam comprado em Rol\u00e2ndia (PR). No contexto de guerra, ela n\u00e3o p\u00f4de voltar para a Alemanha e ficou separada do marido por dez anos, enquanto ele estava preso. Em 1947, K\u00fchr conseguiu\u00a0viajar ao Brasil para encontr\u00e1-la. Eles permaneceram juntos, morando em Rol\u00e2ndia, at\u00e9 1950, quando ele faleceu.<\/p>\n<p style=\"text-align: justify\">O Congresso deve vincular a vida matrimonial com o amor conjugal da fam\u00edlia K\u00fchr. \u201cEles s\u00e3o um exemplo para o tempo de hoje; ficaram dez anos separados fisicamente, estiveram numa guerra, tiveram todas as priva\u00e7\u00f5es e, mesmo assim, mantiveram o amor entre eles, se mantiveram unidos\u201d, conta o casal Di\u00f3genes e Paulina Lawand, do Instituto de Fam\u00edlias. \u201cHoje n\u00f3s vivemos grandes desafios na fam\u00edlia, principalmente da rela\u00e7\u00e3o homem-mulher, do amor conjugal. O\u00a0papa, com o s\u00ednodo, retoma de novo o valor e import\u00e2ncia da fam\u00edlia. Para n\u00f3s, os K\u00fchr s\u00e3o uma resposta para o tempo atual. Hoje, por muito menos as pessoas se separam, desistem do casamento, ent\u00e3o que possamos t\u00ea-los como modelo\u201d, afirmam.<\/p>\n<h5 style=\"text-align: justify\">Com informa\u00e7\u00f5es e fotografia do Instituto de Familias de Schoenstatt<\/h5>\n","protected":false},"excerpt":{"rendered":"<p>Evento \u00e9 promovido pela Obra das Fam\u00edlias do Movimento de Schoenstatt<\/p>\n","protected":false},"author":83,"featured_media":18203,"comment_status":"open","ping_status":"open","sticky":false,"template":"","format":"standard","meta":{"site-sidebar-layout":"default","site-content-layout":"default","ast-global-header-display":"","ast-banner-title-visibility":"","ast-main-header-display":"","ast-hfb-above-header-display":"","ast-hfb-below-header-display":"","ast-hfb-mobile-header-display":"","site-post-title":"","ast-breadcrumbs-content":"","ast-featured-img":"","footer-sml-layout":"","theme-transparent-header-meta":"","adv-header-id-meta":"","stick-header-meta":"","header-above-stick-meta":"","header-main-stick-meta":"","header-below-stick-meta":""},"categories":[777],"tags":[],"acf":[],"_links":{"self":[{"href":"https:\/\/www.cnbb.org.br\/cnbb-app\/wp\/v2\/posts\/18202"}],"collection":[{"href":"https:\/\/www.cnbb.org.br\/cnbb-app\/wp\/v2\/posts"}],"about":[{"href":"https:\/\/www.cnbb.org.br\/cnbb-app\/wp\/v2\/types\/post"}],"author":[{"embeddable":true,"href":"https:\/\/www.cnbb.org.br\/cnbb-app\/wp\/v2\/users\/83"}],"replies":[{"embeddable":true,"href":"https:\/\/www.cnbb.org.br\/cnbb-app\/wp\/v2\/comments?post=18202"}],"version-history":[{"count":0,"href":"https:\/\/www.cnbb.org.br\/cnbb-app\/wp\/v2\/posts\/18202\/revisions"}],"wp:featuredmedia":[{"embeddable":true,"href":"https:\/\/www.cnbb.org.br\/cnbb-app\/wp\/v2\/media\/18203"}],"wp:attachment":[{"href":"https:\/\/www.cnbb.org.br\/cnbb-app\/wp\/v2\/media?parent=18202"}],"wp:term":[{"taxonomy":"category","embeddable":true,"href":"https:\/\/www.cnbb.org.br\/cnbb-app\/wp\/v2\/categories?post=18202"},{"taxonomy":"post_tag","embeddable":true,"href":"https:\/\/www.cnbb.org.br\/cnbb-app\/wp\/v2\/tags?post=18202"}],"curies":[{"name":"wp","href":"https:\/\/api.w.org\/{rel}","templated":true}]}}