{"id":18213,"date":"2017-02-16T00:00:00","date_gmt":"2017-02-16T02:00:00","guid":{"rendered":"https:\/\/www.cnbb.org.br\/texto-base-do-congresso-missionario-nacional-sera-enviado-para-as-dioceses-para-os-devidos-estudos\/"},"modified":"2020-03-11T16:47:55","modified_gmt":"2020-03-11T19:47:55","slug":"texto-base-do-congresso-missionario-nacional-sera-enviado-para-as-dioceses-para-os-devidos-estudos","status":"publish","type":"post","link":"https:\/\/www.cnbb.org.br\/texto-base-do-congresso-missionario-nacional-sera-enviado-para-as-dioceses-para-os-devidos-estudos\/","title":{"rendered":"Texto-base do Congresso Mission\u00e1rio Nacional ser\u00e1 enviado \u00e0s dioceses"},"content":{"rendered":"<p style=\"text-align: justify\">O tema \u00e9: \u201cA alegria do Evangelho para uma Igreja em sa\u00edda\u201d<\/p>\n<p><!--more--><\/p>\n<p style=\"text-align: justify\">As dioceses de todo o pa\u00eds v\u00e3o receber ainda em mar\u00e7o o texto-base do 4\u00ba Congresso Mission\u00e1rio Nacional (4\u00ba CMN) que ser\u00e1 realizado na arquidiocese de Olinda e Recife (PE), entre os dias 7 e 10 de setembro. O documento ser\u00e1 enviado aos regionais da Confer\u00eancia Nacional dos Bispos do Brasil (CNBB) para que fa\u00e7am a distribui\u00e7\u00e3o para suas dioceses. O material, para ser trabalhado nas comunidades, traz diretrizes gerais para impulsionar as Igrejas\u00a0particulares\u00a0para um dinamismo de sa\u00edda e caminhar juntos no testemunho da alegria do Evangelho, da comunh\u00e3o e do profetismo.<\/p>\n<p style=\"text-align: justify\">\n<p style=\"text-align: justify\">O\u00a0tema \u201cA alegria do Evangelho para uma Igreja em sa\u00edda\u201d ser\u00e1 trabalhado em tr\u00eas eixos: a Alegria do Evangelho; Sinodalidade e comunh\u00e3o; Testemunho e profetismo. Al\u00e9m disso, h\u00e1 um eixo transversal que percorre todo o documento \u201cIgreja em sa\u00edda na perspectiva ad gentes\u201d.<\/p>\n<p style=\"text-align: justify\">O documento traz textos de estudos que fazem refer\u00eancia para todos os processos de prepara\u00e7\u00e3o de congressos mission\u00e1rios, tais como: congressos diocesanos e regionais, simp\u00f3sios, assembleias e encontros nas comunidades. No final de cada cap\u00edtulo, o texto-base traz quest\u00f5es para aprofundar os eixos tem\u00e1ticos. Todo o material foi preparado por uma equipe de missi\u00f3logos membros da Rede Latino-americana de Missi\u00f3logos e Missi\u00f3logas (Relami) a partir do documento enviado pela Comiss\u00e3o teol\u00f3gica da Bol\u00edvia.<\/p>\n<p style=\"text-align: justify\">Durante o 4\u00ba CMN a metodologia do evento dever\u00e1 girar em torno de quatro palavras inspiradoras, uma para cada dia: encontrar, contemplar, discernir e propor. O processo de prepara\u00e7\u00e3o, iniciado em junho de 2016, com reuni\u00f5es em Recife (PE), est\u00e1 em sintonia com a realiza\u00e7\u00e3o do 5\u00ba Congresso Americano Mission\u00e1rio (CAM 5), marcado para julho de 2018, em Santa Cruz de La Sierra, na Bol\u00edvia.<\/p>\n<p style=\"text-align: justify\">O evento reunir\u00e1 600 delegados representantes dos 18 regionais da CNBB e outros 100 convidados, que ser\u00e3o hospedados pelas fam\u00edlias da arquidiocese de Olinda e Recife. As inscri\u00e7\u00f5es devem ser efetuadas por meio dos Conselhos Mission\u00e1rios Regionais (Comires), conforme vagas disponibilizadas.<\/p>\n<p style=\"text-align: justify\">O 1\u00ba Congresso Mission\u00e1rio Nacional aconteceu em Belo Horizonte (MG) (2003). J\u00e1 2\u00ba aconteceu em Aparecida (SP) (2008) e o 3\u00ba em Palmas (TO) (2012).<\/p>\n<p style=\"font-size: 12.16px\"><img decoding=\"async\" loading=\"lazy\" class=\" alignright size-full wp-image-31649\" style=\"float: right\" src=\"https:\/\/www.cnbb.org.br\/wp-content\/uploads\/2020\/03\/cartaz-4cmn-site.jpg\" alt=\"\" width=\"217\" height=\"301\" \/><\/p>\n<h4 style=\"text-align: justify\">Cartaz<\/h4>\n<p style=\"text-align: justify\">\nO Cartaz destaca o conte\u00fado do Congresso em seus tr\u00eas eixos: Alegria do Evangelho; Sinodalidade e comunh\u00e3o; Testemunho e profetismo. A arte evidencia a Igreja, Povo de Deus, formada por diferentes sujeitos da miss\u00e3o, de diversas idades e etnias (leigos e leigas, consagrados e consagradas, padres, di\u00e1conos, bispos e o papa). Todos caminham juntos depois de terem sido encontrados por Jesus Cristo como Igreja em sa\u00edda ad gentes, enviada a testemunhar a alegria do Evangelho at\u00e9 os confins da terra. A Igreja peregrina traz a Palavra de Deus, fonte da miss\u00e3o. Carrega tamb\u00e9m, a Cruz das miss\u00f5es jesu\u00edticas, que marcou a Bol\u00edvia e toda a Am\u00e9rica Latina, o principal s\u00edmbolo do 5\u00ba Congresso Mission\u00e1rio Americano (CAM 5). A arte \u00e9 uma cria\u00e7\u00e3o do Ateli\u00ea15.<\/p>\n<h4 style=\"text-align: justify\">\nPoesia<\/h4>\n<p style=\"text-align: justify\">O material traz ainda a poesia \u201cMiss\u00e3o \u00e9 partir\u201d escrita por dom H\u00e9lder C\u00e2mara. O texto \u00e9 uma homenagem ao bispo que, por duas d\u00e9cadas, esteve \u00e0 frente da diocese de Olinda e Recife (PE).<\/p>\n<p style=\"text-align: justify\">\n<p style=\"text-align: justify\"><em>Miss\u00e3o \u00e9 partir, caminhar,<\/em><br \/>\n<em>deixar tudo, sair de si,<\/em><br \/>\n<em>quebrar a crosta do ego\u00edsmo\u00a0<\/em><br \/>\n<em>que nos fecha no nosso Eu.<\/em><\/p>\n<p style=\"text-align: justify\"><em>\u00c9 parar de dar voltas ao redor de n\u00f3s mesmos,<\/em><br \/>\n<em>como se f\u00f4ssemos o centro do mundo e da vida.<\/em><\/p>\n<p style=\"text-align: justify\"><em>\u00c9 n\u00e3o se deixar bloquear nos problemas<\/em><br \/>\n<em>do pequeno mundo a que pertencemos:<\/em><br \/>\n<em>a humanidade \u00e9 maior.<\/em><\/p>\n<p style=\"text-align: justify\"><em>Miss\u00e3o \u00e9 sempre partir,<\/em><br \/>\n<em>mas n\u00e3o devorar quil\u00f4metros.<\/em><\/p>\n<p style=\"text-align: justify\"><em>\u00c9 sobretudo abrir-se aos outros como irm\u00e3os,<\/em><br \/>\n<em>descobri-los e encontr\u00e1-los.<\/em><\/p>\n<p style=\"text-align: justify\"><em>E, se para encontr\u00e1-los e am\u00e1-los \u00e9 preciso atravessar os mares<\/em><br \/>\n<em>e voar l\u00e1 nos c\u00e9us,<\/em><br \/>\n<em>ent\u00e3o Miss\u00e3o \u00e9 partir<\/em><br \/>\n<em>at\u00e9 os confins do mundo.<\/em><\/p>\n<p style=\"text-align: justify\"><em><strong>Dom Helder C\u00e2mara<\/strong><\/em><\/p>\n<p style=\"text-align: justify\">\n<h5 style=\"text-align: justify\">Com informa\u00e7\u00f5es da ascom da Pontif\u00edcias Obras Mission\u00e1rias<\/h5>\n","protected":false},"excerpt":{"rendered":"<p>O tema \u00e9: \u201cA alegria do Evangelho para uma Igreja em sa\u00edda\u201d<\/p>\n","protected":false},"author":83,"featured_media":18214,"comment_status":"open","ping_status":"open","sticky":false,"template":"","format":"standard","meta":{"site-sidebar-layout":"default","site-content-layout":"default","ast-global-header-display":"","ast-banner-title-visibility":"","ast-main-header-display":"","ast-hfb-above-header-display":"","ast-hfb-below-header-display":"","ast-hfb-mobile-header-display":"","site-post-title":"","ast-breadcrumbs-content":"","ast-featured-img":"","footer-sml-layout":"","theme-transparent-header-meta":"","adv-header-id-meta":"","stick-header-meta":"","header-above-stick-meta":"","header-main-stick-meta":"","header-below-stick-meta":""},"categories":[777],"tags":[],"acf":[],"_links":{"self":[{"href":"https:\/\/www.cnbb.org.br\/cnbb-app\/wp\/v2\/posts\/18213"}],"collection":[{"href":"https:\/\/www.cnbb.org.br\/cnbb-app\/wp\/v2\/posts"}],"about":[{"href":"https:\/\/www.cnbb.org.br\/cnbb-app\/wp\/v2\/types\/post"}],"author":[{"embeddable":true,"href":"https:\/\/www.cnbb.org.br\/cnbb-app\/wp\/v2\/users\/83"}],"replies":[{"embeddable":true,"href":"https:\/\/www.cnbb.org.br\/cnbb-app\/wp\/v2\/comments?post=18213"}],"version-history":[{"count":0,"href":"https:\/\/www.cnbb.org.br\/cnbb-app\/wp\/v2\/posts\/18213\/revisions"}],"wp:featuredmedia":[{"embeddable":true,"href":"https:\/\/www.cnbb.org.br\/cnbb-app\/wp\/v2\/media\/18214"}],"wp:attachment":[{"href":"https:\/\/www.cnbb.org.br\/cnbb-app\/wp\/v2\/media?parent=18213"}],"wp:term":[{"taxonomy":"category","embeddable":true,"href":"https:\/\/www.cnbb.org.br\/cnbb-app\/wp\/v2\/categories?post=18213"},{"taxonomy":"post_tag","embeddable":true,"href":"https:\/\/www.cnbb.org.br\/cnbb-app\/wp\/v2\/tags?post=18213"}],"curies":[{"name":"wp","href":"https:\/\/api.w.org\/{rel}","templated":true}]}}