{"id":18229,"date":"2012-02-02T00:00:00","date_gmt":"2012-02-02T02:00:00","guid":{"rendered":"https:\/\/www.cnbb.org.br\/diocese-de-governador-valadares-56-anos-de-historia\/"},"modified":"2012-02-02T00:00:00","modified_gmt":"2012-02-02T02:00:00","slug":"diocese-de-governador-valadares-56-anos-de-historia","status":"publish","type":"post","link":"https:\/\/www.cnbb.org.br\/diocese-de-governador-valadares-56-anos-de-historia\/","title":{"rendered":"Diocese de Governador Valadares: 56 anos de hist\u00f3ria"},"content":{"rendered":"<p>Dia 1\u00ba de fevereiro, uma data mais que especial para a Diocese de Governador Valadares. Celebramos o anivers\u00e1rio de 56 anos de uma Diocese criada com o objetivo de atender \u00e0s necessidades espirituais dos fi\u00e9is, velando pela disciplina eclesi\u00e1stica.<br \/>\nComo na d\u00e9cada de 50, Valadares teve o maior desenvolvimento econ\u00f4mico e um dos maiores desenvolvimentos populacionais proporcional do Brasil, a Igreja ent\u00e3o viu a necessidade de intervir na cidade, para que n\u00e3o se tornasse uma terra sem leis e sem Deus.<\/p>\n<p><!--more--><\/p>\n<p>A nova Diocese institu\u00edda por meio da Bula \u201cRerum Usu\u201d do Papa Pio XII foi desmembrada da Arquidiocese de Diamantina e das Dioceses de Ara\u00e7ua\u00ed e Caratinga, seu territ\u00f3rio abrangia 14 munic\u00edpios, com treze Par\u00f3quias cedidas dos territ\u00f3rios divididos para a forma\u00e7\u00e3o da nova unidade territorial administrativa.<\/p>\n<p>Em 2012, ap\u00f3s 56 anos de trabalho com muito esfor\u00e7o e colabora\u00e7\u00e3o dos fieis, a Diocese aumentou sua abrang\u00eancia para 31 munic\u00edpios, com o total de 51 par\u00f3quias, sem citar o n\u00famero de comunidades existentes e suas respectivas obras sociais a qual a Igreja d\u00e1 suporte.<\/p>\n<p>Bispos que passaram pela Diocese<\/p>\n<p>Dom Herm\u00ednio Malzone Hugo natural de Guaxup\u00e9-MG, foi nomeado bispo da Diocese de Valadares no dia 29 de janeiro de 1957. Por 20 anos trabalhou para estrutur\u00e1-la, em comunh\u00e3o com o Vaticano, criando in\u00fameras formas de trabalhar a miss\u00e3o que Jesus Cristo confiou aos seus disc\u00edpulos: levar a BOA NOVA a todos.<\/p>\n<p>Dom Jos\u00e9 Heleno natural da cidade de Cipot\u00e2nea-MG, hoje, bispo em\u00e9rito da Diocese. Foi o segundo bispo assumir a Diocese de Governador Valadares, no per\u00edodo de 1977 \u00e1 2001. Deu segmento as a\u00e7\u00f5es de D. Herm\u00ednio, buscando estruturar a Igreja, incentivando a forma\u00e7\u00e3o de novos padres, bem como a de movimentos e pastorais.<\/p>\n<p>Dom Werner nascido em Munster, na Alemanha, o atual Bispo \u00e9 naturalizado brasileiro e foi nomeado no dia 19 de dezembro de 2001 pelo Papa Jo\u00e3o Paulo II. A exemplo, de Jo\u00e3o Paulo, Dom Werner sempre procurou estabelecer canais de comunica\u00e7\u00e3o direto com os fi\u00e9is.<\/p>\n<p>Por isso nesses dez anos de dedica\u00e7\u00e3o a Diocese de Governador Valadares, podemos destacar: a reabertura do Semin\u00e1rio Nossa Senhora Auxiliadora; A solidariedade em prol das v\u00edtimas da enchente ocorrida nesse ano de 2012; Bem como a implanta\u00e7\u00e3o do portal diocesano e da estrutura\u00e7\u00e3o da Pastoral da Comunica\u00e7\u00e3o que vem sendo implantada.<\/p>\n","protected":false},"excerpt":{"rendered":"<p>Dia 1\u00ba de fevereiro, uma data mais que especial para a Diocese de Governador Valadares. Celebramos o anivers\u00e1rio de 56 anos de uma Diocese criada com o objetivo de atender \u00e0s necessidades espirituais dos fi\u00e9is, velando pela disciplina eclesi\u00e1stica. Como na d\u00e9cada de 50, Valadares teve o maior desenvolvimento econ\u00f4mico e um dos maiores desenvolvimentos &hellip;<\/p>\n<p class=\"read-more\"> <a class=\"\" href=\"https:\/\/www.cnbb.org.br\/diocese-de-governador-valadares-56-anos-de-historia\/\"> <span class=\"screen-reader-text\">Diocese de Governador Valadares: 56 anos de hist\u00f3ria<\/span> Leia mais &raquo;<\/a><\/p>\n","protected":false},"author":83,"featured_media":0,"comment_status":"open","ping_status":"open","sticky":false,"template":"","format":"standard","meta":{"site-sidebar-layout":"default","site-content-layout":"default","ast-global-header-display":"","ast-banner-title-visibility":"","ast-main-header-display":"","ast-hfb-above-header-display":"","ast-hfb-below-header-display":"","ast-hfb-mobile-header-display":"","site-post-title":"","ast-breadcrumbs-content":"","ast-featured-img":"","footer-sml-layout":"","theme-transparent-header-meta":"","adv-header-id-meta":"","stick-header-meta":"","header-above-stick-meta":"","header-main-stick-meta":"","header-below-stick-meta":""},"categories":[802],"tags":[],"acf":[],"_links":{"self":[{"href":"https:\/\/www.cnbb.org.br\/cnbb-app\/wp\/v2\/posts\/18229"}],"collection":[{"href":"https:\/\/www.cnbb.org.br\/cnbb-app\/wp\/v2\/posts"}],"about":[{"href":"https:\/\/www.cnbb.org.br\/cnbb-app\/wp\/v2\/types\/post"}],"author":[{"embeddable":true,"href":"https:\/\/www.cnbb.org.br\/cnbb-app\/wp\/v2\/users\/83"}],"replies":[{"embeddable":true,"href":"https:\/\/www.cnbb.org.br\/cnbb-app\/wp\/v2\/comments?post=18229"}],"version-history":[{"count":0,"href":"https:\/\/www.cnbb.org.br\/cnbb-app\/wp\/v2\/posts\/18229\/revisions"}],"wp:attachment":[{"href":"https:\/\/www.cnbb.org.br\/cnbb-app\/wp\/v2\/media?parent=18229"}],"wp:term":[{"taxonomy":"category","embeddable":true,"href":"https:\/\/www.cnbb.org.br\/cnbb-app\/wp\/v2\/categories?post=18229"},{"taxonomy":"post_tag","embeddable":true,"href":"https:\/\/www.cnbb.org.br\/cnbb-app\/wp\/v2\/tags?post=18229"}],"curies":[{"name":"wp","href":"https:\/\/api.w.org\/{rel}","templated":true}]}}