{"id":18232,"date":"2012-09-24T00:00:00","date_gmt":"2012-09-24T03:00:00","guid":{"rendered":"https:\/\/www.cnbb.org.br\/pastoral-das-favelas-35-anos-de-historia-na-arquidiocese-do-rio\/"},"modified":"2012-09-24T00:00:00","modified_gmt":"2012-09-24T03:00:00","slug":"pastoral-das-favelas-35-anos-de-historia-na-arquidiocese-do-rio","status":"publish","type":"post","link":"https:\/\/www.cnbb.org.br\/pastoral-das-favelas-35-anos-de-historia-na-arquidiocese-do-rio\/","title":{"rendered":"Pastoral das Favelas: 35 anos de hist\u00f3ria na Arquidiocese do Rio"},"content":{"rendered":"<div style=\"text-align: justify\">Criada em 1976, por iniciativa do ent\u00e3o Arcebispo do Rio de Janeiro, dom Eugenio Salles, a Pastoral das Favelas completa este ano 35 anos de exist\u00eancia. Sua trajet\u00f3ria \u00e9 marcada pela preocupa\u00e7\u00e3o da Igreja com os mais necessitados e na promo\u00e7\u00e3o da dignidade humana e cidadania em favor dos moradores das comunidades. No \u00faltimo domingo, 23 de setembro, o Arcebispo do Ri, dom Orani Jo\u00e3o Tempesta, presidiu a missa comemorativa do anivers\u00e1rio da Pastoral, na Comunidade Santa Marta.<\/div>\n<div style=\"text-align: justify\"><\/div>\n<p><!--more--><\/p>\n<div style=\"text-align: justify\"><\/div>\n<div style=\"text-align: justify\">Na d\u00e9cada de 80, a Pastoral das Favelas criou associa\u00e7\u00f5es de moradores e se empenhou em conscientizar as pessoas sobre o seu direito \u00e0 cidadania e participa\u00e7\u00e3o delas como forma de transformar a sociedade. A d\u00e9cada de 90 foi marcada pelos di\u00e1logos com as ONGs e os poderes p\u00fablicos. Al\u00e9m disso, cada comunidade ganhou uma capela. A Pastoral continua, at\u00e9 hoje, atuante, apoiando os moradores carentes, visando \u00e0 solu\u00e7\u00e3o dos problemas de moradia.<\/div>\n","protected":false},"excerpt":{"rendered":"<p>Criada em 1976, por iniciativa do ent\u00e3o Arcebispo do Rio de Janeiro, dom Eugenio Salles, a Pastoral das Favelas completa este ano 35 anos de exist\u00eancia. Sua trajet\u00f3ria \u00e9 marcada pela preocupa\u00e7\u00e3o da Igreja com os mais necessitados e na promo\u00e7\u00e3o da dignidade humana e cidadania em favor dos moradores das comunidades. No \u00faltimo domingo, &hellip;<\/p>\n<p class=\"read-more\"> <a class=\"\" href=\"https:\/\/www.cnbb.org.br\/pastoral-das-favelas-35-anos-de-historia-na-arquidiocese-do-rio\/\"> <span class=\"screen-reader-text\">Pastoral das Favelas: 35 anos de hist\u00f3ria na Arquidiocese do Rio<\/span> Leia mais &raquo;<\/a><\/p>\n","protected":false},"author":83,"featured_media":18233,"comment_status":"open","ping_status":"open","sticky":false,"template":"","format":"standard","meta":{"site-sidebar-layout":"default","site-content-layout":"default","ast-global-header-display":"","ast-banner-title-visibility":"","ast-main-header-display":"","ast-hfb-above-header-display":"","ast-hfb-below-header-display":"","ast-hfb-mobile-header-display":"","site-post-title":"","ast-breadcrumbs-content":"","ast-featured-img":"","footer-sml-layout":"","theme-transparent-header-meta":"","adv-header-id-meta":"","stick-header-meta":"","header-above-stick-meta":"","header-main-stick-meta":"","header-below-stick-meta":""},"categories":[802],"tags":[],"acf":[],"_links":{"self":[{"href":"https:\/\/www.cnbb.org.br\/cnbb-app\/wp\/v2\/posts\/18232"}],"collection":[{"href":"https:\/\/www.cnbb.org.br\/cnbb-app\/wp\/v2\/posts"}],"about":[{"href":"https:\/\/www.cnbb.org.br\/cnbb-app\/wp\/v2\/types\/post"}],"author":[{"embeddable":true,"href":"https:\/\/www.cnbb.org.br\/cnbb-app\/wp\/v2\/users\/83"}],"replies":[{"embeddable":true,"href":"https:\/\/www.cnbb.org.br\/cnbb-app\/wp\/v2\/comments?post=18232"}],"version-history":[{"count":0,"href":"https:\/\/www.cnbb.org.br\/cnbb-app\/wp\/v2\/posts\/18232\/revisions"}],"wp:featuredmedia":[{"embeddable":true,"href":"https:\/\/www.cnbb.org.br\/cnbb-app\/wp\/v2\/media\/18233"}],"wp:attachment":[{"href":"https:\/\/www.cnbb.org.br\/cnbb-app\/wp\/v2\/media?parent=18232"}],"wp:term":[{"taxonomy":"category","embeddable":true,"href":"https:\/\/www.cnbb.org.br\/cnbb-app\/wp\/v2\/categories?post=18232"},{"taxonomy":"post_tag","embeddable":true,"href":"https:\/\/www.cnbb.org.br\/cnbb-app\/wp\/v2\/tags?post=18232"}],"curies":[{"name":"wp","href":"https:\/\/api.w.org\/{rel}","templated":true}]}}