{"id":18234,"date":"2014-10-29T00:00:00","date_gmt":"2014-10-29T02:00:00","guid":{"rendered":"https:\/\/www.cnbb.org.br\/solidariedade-e-um-modo-de-fazer-historia-diz-papa-francisco\/"},"modified":"2014-10-29T00:00:00","modified_gmt":"2014-10-29T02:00:00","slug":"solidariedade-e-um-modo-de-fazer-historia-diz-papa-francisco","status":"publish","type":"post","link":"https:\/\/www.cnbb.org.br\/solidariedade-e-um-modo-de-fazer-historia-diz-papa-francisco\/","title":{"rendered":"\u201cSolidariedade \u00e9 um modo de fazer hist\u00f3ria\u201d, diz papa Francisco"},"content":{"rendered":"<p style=\"text-align: justify\">\u00a0<span style=\"line-height: 1.3em\">\u201cA solidariedade, entendida em seu sentido mais profundo, \u00e9 um modo de fazer hist\u00f3ria e isso \u00e9 o que fazem os movimentos populares\u201d, disse o papa Francisco, na manh\u00e3 de ontem, dia 28, durante encontro com os participantes do Encontro Mundial dos Movimentos Populares.<\/span><\/p>\n<p><!--more--><\/p>\n<p style=\"text-align: justify\">Ao falar sobre solidariedade, Francisco sugeriu pensamentos e atos em favor da comunidade e da prioridade de vida a todos. \u201cTamb\u00e9m \u00e9 lutar contra as causas estruturais da pobreza, a desigualdade, a falta de trabalho, a terra e a viol\u00eancia, a nega\u00e7\u00e3o dos direitos sociais e trabalhistas\u201d, enumerou. Para ele, a solidariedade se traduz no enfrentamento aos \u201cefeitos destruidores do \u2018Imp\u00e9rio do dinheiro\u2019, como os deslocamentos for\u00e7ados, as migra\u00e7\u00f5es dolorosas, o tr\u00e1fico de pessoas, a droga, a guerra, a viol\u00eancia. \u201cTodas essas realidades que muitos de voc\u00eas sofrem e que todos somos chamados a transformar. A solidariedade, entendida em seu sentido mais profundo, \u00e9 um modo de fazer hist\u00f3ria e isso \u00e9 o que fazem os movimentos populares\u201d, disse.<\/p>\n<p style=\"text-align: justify\">A transforma\u00e7\u00e3o da realidade dos que sofrem com a pobreza conduziu o papa a tr\u00eas elementos que para ele s\u00e3o uma resposta a algo que deveria estar ao alcance de todos, mas que est\u00e1 cada\u00a0vez mais longe da maioria: &#8220;terra, casa e trabalho\u201d. A abordagem em rela\u00e7\u00e3o ao esc\u00e2ndalo da pobreza n\u00e3o deve promover \u201cestrat\u00e9gias de conten\u00e7\u00e3o que somente tranquilizem e convertam os pobres em seres domesticados e inofensivos\u201d.<\/p>\n<p style=\"text-align: justify\">O papa Francisco alertou, ainda, ao tratar dos elementos \u201cterra, casa e trabalho\u201d, que fala do amor pelos pobres, que est\u00e1 \u201cno centro do Evangelho\u201d. \u201c\u00c9 estranho, mas quando falo sobre estas coisas, para alguns parece que o papa \u00e9 comunista\u201d, comentou.<\/p>\n<p style=\"text-align: justify\">Francisco tamb\u00e9m falou sobre a \u201ccultura do descart\u00e1vel\u201d, na qual aqueles que n\u00e3o podem se integrar no fen\u00f4meno da exporta\u00e7\u00e3o e da opress\u00e3o, s\u00e3o exclu\u00eddos como res\u00edduos, sobras. Ele explicou que isso acontece quando no centro de um sistema econ\u00f4mico est\u00e1 o deus dinheiro e n\u00e3o o homem, a pessoa humana. \u201cAo centro de todo sistema social ou econ\u00f4mico deve estar a pessoa, imagem de Deus, criada para que fosse o dominador do universo. Quando a pessoa \u00e9 desprezada e vem o deus dinheiro, acontece esta troca de valores\u201d, alertou.<\/p>\n<p style=\"text-align: justify\">Falando sobre trabalho, o papa destacou direitos a uma remunera\u00e7\u00e3o digna, \u00e0 seguridade social e \u00e0 cobertura previdenci\u00e1ria aos catadores, vendedores ambulantes, costureiros, artes\u00e3os, pescadores, camponeses, construtores, mineiros, todo tipo de cooperativistas e trabalhadores de of\u00edcios populares, que, segundo Francisco, est\u00e3o exclu\u00eddos dos direitos trabalhistas e t\u00eam negada a possibilidade de sindicalizar-se e de ter uma renda adequada e est\u00e1vel. \u201cHoje quero unir minha voz \u00e0 sua e acompanha-los em sua luta\u201d, afirmou.<\/p>\n<p style=\"text-align: justify\">O papa ainda falou sobre paz e ecologia no contexto dos tr\u00eas elementos apresentados em seu pronunciamento. \u201cN\u00e3o se pode haver terra, n\u00e3o pode haver casa, n\u00e3o pode haver trabalho se n\u00e3o temos paz e se destruirmos o planeta\u201d, disse. Ele exorta que a cria\u00e7\u00e3o n\u00e3o \u00e9 uma propriedade da qual se pode dispor a esmo gosto, nem que pertence a uns poucos. \u201cA cria\u00e7\u00e3o \u00e9 um dom, \u00e9 um presente, um dom maravilhoso que Deus nos deu para que cuidemos dele e utilizemos em benef\u00edcio de todos, sempre com respeito e gratuidade\u201d, acrescentou.<\/p>\n<p style=\"text-align: justify\">Em rela\u00e7\u00e3o \u00e0 \u201cglobaliza\u00e7\u00e3o da indiferen\u00e7a\u201d, presente no mundo, foi apresentado um \u201cguia de a\u00e7\u00e3o, um programa\u201d considerado \u201crevolucion\u00e1rio\u201d: as bem-aventuran\u00e7as, presentes no Evangelho de Mateus.<\/p>\n<p style=\"text-align: justify\">Ao final, Francisco afirmou que os movimentos populares expressam \u201cas necessidades urgentes de revitalizar as democracias\u201d. Ele considera \u201cimposs\u00edvel imaginar um futuro para a sociedade sem a participa\u00e7\u00e3o como protagonista das grandes maiorias\u201d.<\/p>\n<p style=\"text-align: justify\"><strong>Encontro<\/strong><\/p>\n<p style=\"text-align: justify\">O Encontro Mundial dos Movimentos Populares aconteceu de 27 a 29 de outubro, com organiza\u00e7\u00e3o do Pontif\u00edcio Conselho Justi\u00e7a e Paz do Vaticano, em colabora\u00e7\u00e3o da Pontif\u00edcia Academia de Ci\u00eancias Sociais e l\u00edderes de v\u00e1rios movimentos. S\u00e3o 100 leigos, l\u00edderes de grupos sociais, 30 bispos engajados com as realidades e os movimentos sociais em seus pa\u00edses, e cerca de 50 agentes pastorais, al\u00e9m de alguns membros da C\u00faria romana presentes no evento.\u00a0Representou a CNBB o\u00a0bispo auxiliar de Bras\u00edlia (DF) e secret\u00e1rio geral da institui\u00e7\u00e3o, dom Leonardo Steiner.<\/p>\n<p style=\"text-align: justify\">O evento buscou fortalecer a rede de organiza\u00e7\u00f5es populares, favorecer o conhecimento rec\u00edproco e promover a colabora\u00e7\u00e3o entre eles e suas Igrejas locais, representadas por bispos e agentes pastorais provenientes de v\u00e1rios pa\u00edses do mundo. O Pontif\u00edcio Conselho Justi\u00e7a e Paz do Vaticano ressalta o compromisso na promo\u00e7\u00e3o e tutela da dignidade e dos direitos da pessoa humana, assumido pelos movimentos.<\/p>\n<h5><strong>\u00a0Com fotografia da R\u00e1dio Vaticano &#8211; Programa brasileiro<\/strong><\/h5>\n<p>&nbsp;<\/p>\n<p>&nbsp;<\/p>\n","protected":false},"excerpt":{"rendered":"<p>\u00a0\u201cA solidariedade, entendida em seu sentido mais profundo, \u00e9 um modo de fazer hist\u00f3ria e isso \u00e9 o que fazem os movimentos populares\u201d, disse o papa Francisco, na manh\u00e3 de ontem, dia 28, durante encontro com os participantes do Encontro Mundial dos Movimentos Populares.<\/p>\n","protected":false},"author":83,"featured_media":18235,"comment_status":"open","ping_status":"open","sticky":false,"template":"","format":"standard","meta":{"site-sidebar-layout":"default","site-content-layout":"default","ast-global-header-display":"","ast-banner-title-visibility":"","ast-main-header-display":"","ast-hfb-above-header-display":"","ast-hfb-below-header-display":"","ast-hfb-mobile-header-display":"","site-post-title":"","ast-breadcrumbs-content":"","ast-featured-img":"","footer-sml-layout":"","theme-transparent-header-meta":"","adv-header-id-meta":"","stick-header-meta":"","header-above-stick-meta":"","header-main-stick-meta":"","header-below-stick-meta":""},"categories":[802],"tags":[],"acf":[],"_links":{"self":[{"href":"https:\/\/www.cnbb.org.br\/cnbb-app\/wp\/v2\/posts\/18234"}],"collection":[{"href":"https:\/\/www.cnbb.org.br\/cnbb-app\/wp\/v2\/posts"}],"about":[{"href":"https:\/\/www.cnbb.org.br\/cnbb-app\/wp\/v2\/types\/post"}],"author":[{"embeddable":true,"href":"https:\/\/www.cnbb.org.br\/cnbb-app\/wp\/v2\/users\/83"}],"replies":[{"embeddable":true,"href":"https:\/\/www.cnbb.org.br\/cnbb-app\/wp\/v2\/comments?post=18234"}],"version-history":[{"count":0,"href":"https:\/\/www.cnbb.org.br\/cnbb-app\/wp\/v2\/posts\/18234\/revisions"}],"wp:featuredmedia":[{"embeddable":true,"href":"https:\/\/www.cnbb.org.br\/cnbb-app\/wp\/v2\/media\/18235"}],"wp:attachment":[{"href":"https:\/\/www.cnbb.org.br\/cnbb-app\/wp\/v2\/media?parent=18234"}],"wp:term":[{"taxonomy":"category","embeddable":true,"href":"https:\/\/www.cnbb.org.br\/cnbb-app\/wp\/v2\/categories?post=18234"},{"taxonomy":"post_tag","embeddable":true,"href":"https:\/\/www.cnbb.org.br\/cnbb-app\/wp\/v2\/tags?post=18234"}],"curies":[{"name":"wp","href":"https:\/\/api.w.org\/{rel}","templated":true}]}}