{"id":18241,"date":"2015-10-22T00:00:00","date_gmt":"2015-10-22T02:00:00","guid":{"rendered":"https:\/\/www.cnbb.org.br\/peregrinacao-recorda-50-anos-de-visita-papal-a-acampamento-de-ciganos\/"},"modified":"2015-10-22T00:00:00","modified_gmt":"2015-10-22T02:00:00","slug":"peregrinacao-recorda-50-anos-de-visita-papal-a-acampamento-de-ciganos","status":"publish","type":"post","link":"https:\/\/www.cnbb.org.br\/peregrinacao-recorda-50-anos-de-visita-papal-a-acampamento-de-ciganos\/","title":{"rendered":"Peregrina\u00e7\u00e3o recorda 50 anos de visita papal a acampamento de ciganos"},"content":{"rendered":"<p style=\"text-align: justify\">Pastoral dos N\u00f4mades da CNBB participa do evento, que acontece em Roma<\/p>\n<p><!--more--><\/p>\n<p style=\"text-align: justify\">Em comemora\u00e7\u00e3o aos\u00a050 anos da visita do papa Paulo VI ao acampamento de ciganos na regi\u00e3o da Pomezia, em Roma, o Conselho Pontif\u00edcio para a Pastoral dos Migrantes e Itinerantes promover\u00e1, de 23 a 26 de outubro, a Peregrina\u00e7\u00e3o dos Ciganos a Roma. Durante o evento, que tem a participa\u00e7\u00e3o da Pastoral dos N\u00f4mades da Confer\u00eancia Nacional dos Bispos do Brasil (CNBB), os peregrinos ser\u00e3o recebidos pelo papa Francisco.<\/p>\n<p style=\"text-align: justify\">O encontro do papa Paulo VI com os ciganos aconteceu em setembro de 1965. Na ocasi\u00e3o, a frase do beato, \u201cV\u00f3s estais no cora\u00e7\u00e3o da Igreja\u201d, marcou os participantes da peregrina\u00e7\u00e3o internacional.<\/p>\n<p style=\"text-align: justify\">O bispo de Eun\u00e1polis (BA) e respons\u00e1vel pela Pastoral dos N\u00f4mades no Brasil, dom Jos\u00e9 Edson Santana Oliveira, recorda os encontros dos \u00faltimos papas com os ciganos. \u201cS\u00e3o Jo\u00e3o Paulo II j\u00e1 fazia todo ano um encontro com os ciganos europeus\u201d, lembra.<\/p>\n<p style=\"text-align: justify\">O bispo tamb\u00e9m fala dos encontros promovidos no pontificado de Bento XVI. \u201cUm [aconteceu] na Alemanha com toda a juventude universit\u00e1ria cigana. Eram mais de 400 jovens do mundo inteiro, mostrando que eles tamb\u00e9m trabalham com sua presen\u00e7a, que pertencem a um grupo que faz parte da hist\u00f3ria e que podem\u00a0caminhar como homens da sociedade e como crist\u00e3os\u201d.<\/p>\n<p style=\"text-align: justify\">O papa Bento XVI tamb\u00e9m incentivou um encontro com os padres filhos de ciganos. Dom Edson conta que eram mais de 300 sacerdotes no evento.<\/p>\n<p style=\"text-align: justify\">Sobre a celebra\u00e7\u00e3o dos 50 anos da primeira peregrina\u00e7\u00e3o de um papa junto ao povo cigano, dom Jos\u00e9 Edson ressalta a perten\u00e7a dos ciganos no projeto de evangeliza\u00e7\u00e3o da Igreja. \u201cSe tem as b\u00ean\u00e7\u00e3os do papa, o papa v\u00ea como membros vivos da Igreja, esperamos ent\u00e3o celebrarmos e que todas as dioceses, que todos os bispos, os sacerdotes, que todo crist\u00e3o possa sentir tamb\u00e9m que \u00e9 parte do povo de Deus, parte deste corpo m\u00edstico do Senhor. Que eles possam tamb\u00e9m contribuir para a evangeliza\u00e7\u00e3o\u201d, considera.<\/p>\n<p style=\"text-align: justify\">Al\u00e9m de dom Edson, tamb\u00e9m participam da peregrina\u00e7\u00e3o o secret\u00e1rio executivo da Pastoral dos N\u00f4mades, padre Wallace do Carmo Zanon, e 15 ciganos da Bahia, de S\u00e3o Paulo, do Esp\u00edrito Santo e do Rio Grande do Sul.<\/p>\n<h3 style=\"text-align: justify\">Programa\u00e7\u00e3o<\/h3>\n<p style=\"text-align: justify\">Durante a peregrina\u00e7\u00e3o, haver\u00e1 visitas aos monumentos do cristianismo em Roma e uma Via-Sacra no Coliseu. No domingo, a missa com os participantes ser\u00e1 no Santu\u00e1rio do Divino Amor. O encontro com o papa Francisco acontecer\u00e1 na segunda-feira, dia 26, na Sala Paulo VI.<\/p>\n","protected":false},"excerpt":{"rendered":"<p>Pastoral dos N\u00f4mades da CNBB participa do evento, que acontece em Roma<\/p>\n","protected":false},"author":83,"featured_media":18242,"comment_status":"open","ping_status":"open","sticky":false,"template":"","format":"standard","meta":{"site-sidebar-layout":"default","site-content-layout":"default","ast-global-header-display":"","ast-banner-title-visibility":"","ast-main-header-display":"","ast-hfb-above-header-display":"","ast-hfb-below-header-display":"","ast-hfb-mobile-header-display":"","site-post-title":"","ast-breadcrumbs-content":"","ast-featured-img":"","footer-sml-layout":"","theme-transparent-header-meta":"","adv-header-id-meta":"","stick-header-meta":"","header-above-stick-meta":"","header-main-stick-meta":"","header-below-stick-meta":""},"categories":[841],"tags":[],"acf":[],"_links":{"self":[{"href":"https:\/\/www.cnbb.org.br\/cnbb-app\/wp\/v2\/posts\/18241"}],"collection":[{"href":"https:\/\/www.cnbb.org.br\/cnbb-app\/wp\/v2\/posts"}],"about":[{"href":"https:\/\/www.cnbb.org.br\/cnbb-app\/wp\/v2\/types\/post"}],"author":[{"embeddable":true,"href":"https:\/\/www.cnbb.org.br\/cnbb-app\/wp\/v2\/users\/83"}],"replies":[{"embeddable":true,"href":"https:\/\/www.cnbb.org.br\/cnbb-app\/wp\/v2\/comments?post=18241"}],"version-history":[{"count":0,"href":"https:\/\/www.cnbb.org.br\/cnbb-app\/wp\/v2\/posts\/18241\/revisions"}],"wp:featuredmedia":[{"embeddable":true,"href":"https:\/\/www.cnbb.org.br\/cnbb-app\/wp\/v2\/media\/18242"}],"wp:attachment":[{"href":"https:\/\/www.cnbb.org.br\/cnbb-app\/wp\/v2\/media?parent=18241"}],"wp:term":[{"taxonomy":"category","embeddable":true,"href":"https:\/\/www.cnbb.org.br\/cnbb-app\/wp\/v2\/categories?post=18241"},{"taxonomy":"post_tag","embeddable":true,"href":"https:\/\/www.cnbb.org.br\/cnbb-app\/wp\/v2\/tags?post=18241"}],"curies":[{"name":"wp","href":"https:\/\/api.w.org\/{rel}","templated":true}]}}