{"id":18243,"date":"2016-08-12T00:00:00","date_gmt":"2016-08-12T03:00:00","guid":{"rendered":"https:\/\/www.cnbb.org.br\/selo-e-lancado-em-comemoracao-aos-60-anos-da-arquidiocese-de-maringa\/"},"modified":"2016-08-12T00:00:00","modified_gmt":"2016-08-12T03:00:00","slug":"selo-e-lancado-em-comemoracao-aos-60-anos-da-arquidiocese-de-maringa","status":"publish","type":"post","link":"https:\/\/www.cnbb.org.br\/selo-e-lancado-em-comemoracao-aos-60-anos-da-arquidiocese-de-maringa\/","title":{"rendered":"Selo \u00e9 lan\u00e7ado em comemora\u00e7\u00e3o aos 60 anos da arquidiocese de Maring\u00e1"},"content":{"rendered":"<p style=\"text-align: justify\">Lan\u00e7amento ocorreu na C\u00faria Metropolitana<\/p>\n<p><!--more--><\/p>\n<p style=\"text-align: justify\">O lan\u00e7amento do selo personalizado, por ocasi\u00e3o da comemora\u00e7\u00e3o do Jubileu dos 60 anos da arquidiocese de Maring\u00e1, ocorreu na quinta-feira, 11, na C\u00faria Metropolitana. O evento contou com as presen\u00e7as do arcebispo de Maring\u00e1, dom Anuar Battisti, do gerente regional dos Correios de Maring\u00e1 e regi\u00e3o, Carlos Mariani, al\u00e9m de presb\u00edteros.<\/p>\n<p style=\"text-align: justify\">De acordo com dom Anuar, o selo \u00e9 \u201cuma marca e um s\u00edmbolo importante dentro das comemora\u00e7\u00f5es do jubileu da arquidiocese\u201d. O bispo garantiu ainda que \u201ctodos est\u00e3o felizes com mais esta parceria com os Correios\u201d, afirmou.<\/p>\n<p style=\"text-align: justify\">Na ocasi\u00e3o, o gerente regional dos Correios de Maring\u00e1 e regi\u00e3o, Carlos Mariani, recordou a hist\u00f3ria de liga\u00e7\u00e3o entre os Correios e a Igreja Cat\u00f3lica em Maring\u00e1. \u201cAntigamente, a ag\u00eancia central dos Correios abria todos os domingos logo ap\u00f3s a missa da Catedral, para que os fi\u00e9is retirassem suas correspond\u00eancias. Lembro-me que dom Jaime ia pessoalmente pegar as correspond\u00eancias na caixa postal da c\u00faria\u201d, relembrou.<\/p>\n<p style=\"text-align: justify\">A partir da pr\u00f3xima semana, quem quiser adquirir o selo poder\u00e1 compr\u00e1-lo em uma das lojas dos Correios, em Maring\u00e1.<\/p>\n<h4 style=\"text-align: justify\">Com informa\u00e7\u00f5es e foto da arquidiocese de Maring\u00e1<\/h4>\n<p>&nbsp;<\/p>\n","protected":false},"excerpt":{"rendered":"<p>Lan\u00e7amento ocorreu na C\u00faria Metropolitana<\/p>\n","protected":false},"author":83,"featured_media":18244,"comment_status":"open","ping_status":"open","sticky":false,"template":"","format":"standard","meta":{"site-sidebar-layout":"default","site-content-layout":"default","ast-global-header-display":"","ast-banner-title-visibility":"","ast-main-header-display":"","ast-hfb-above-header-display":"","ast-hfb-below-header-display":"","ast-hfb-mobile-header-display":"","site-post-title":"","ast-breadcrumbs-content":"","ast-featured-img":"","footer-sml-layout":"","theme-transparent-header-meta":"","adv-header-id-meta":"","stick-header-meta":"","header-above-stick-meta":"","header-main-stick-meta":"","header-below-stick-meta":""},"categories":[802],"tags":[],"acf":[],"_links":{"self":[{"href":"https:\/\/www.cnbb.org.br\/cnbb-app\/wp\/v2\/posts\/18243"}],"collection":[{"href":"https:\/\/www.cnbb.org.br\/cnbb-app\/wp\/v2\/posts"}],"about":[{"href":"https:\/\/www.cnbb.org.br\/cnbb-app\/wp\/v2\/types\/post"}],"author":[{"embeddable":true,"href":"https:\/\/www.cnbb.org.br\/cnbb-app\/wp\/v2\/users\/83"}],"replies":[{"embeddable":true,"href":"https:\/\/www.cnbb.org.br\/cnbb-app\/wp\/v2\/comments?post=18243"}],"version-history":[{"count":0,"href":"https:\/\/www.cnbb.org.br\/cnbb-app\/wp\/v2\/posts\/18243\/revisions"}],"wp:featuredmedia":[{"embeddable":true,"href":"https:\/\/www.cnbb.org.br\/cnbb-app\/wp\/v2\/media\/18244"}],"wp:attachment":[{"href":"https:\/\/www.cnbb.org.br\/cnbb-app\/wp\/v2\/media?parent=18243"}],"wp:term":[{"taxonomy":"category","embeddable":true,"href":"https:\/\/www.cnbb.org.br\/cnbb-app\/wp\/v2\/categories?post=18243"},{"taxonomy":"post_tag","embeddable":true,"href":"https:\/\/www.cnbb.org.br\/cnbb-app\/wp\/v2\/tags?post=18243"}],"curies":[{"name":"wp","href":"https:\/\/api.w.org\/{rel}","templated":true}]}}