{"id":18247,"date":"2016-09-07T00:00:00","date_gmt":"2016-09-07T03:00:00","guid":{"rendered":"https:\/\/www.cnbb.org.br\/mensagem-por-ocasiao-da-comemoracao-do-dia-da-independencia\/"},"modified":"2016-09-07T00:00:00","modified_gmt":"2016-09-07T03:00:00","slug":"mensagem-por-ocasiao-da-comemoracao-do-dia-da-independencia","status":"publish","type":"post","link":"https:\/\/www.cnbb.org.br\/mensagem-por-ocasiao-da-comemoracao-do-dia-da-independencia\/","title":{"rendered":"Mensagem por ocasi\u00e3o da comemora\u00e7\u00e3o do dia da Independ\u00eancia"},"content":{"rendered":"<p style=\"text-align: justify\">Texto \u00e9 assinado pela Presid\u00eancia da CNBB<\/p>\n<p><!--more--><\/p>\n<p style=\"font-size: 12.16px;line-height: 15.808px;text-align: justify\">Em mensagem, por ocasi\u00e3o do 7 de setembro, a Confer\u00eancia Nacional dos Bispos do Brasil (CNBB) &#8220;<span style=\"font-size: 12.16px;line-height: 15.808px\">reafirma que o Brasil \u00e9 um pa\u00eds livre, soberano e religioso&#8221;, marcado por &#8220;uma hist\u00f3ria constru\u00edda na diversidade, na toler\u00e2ncia e na conviv\u00eancia pac\u00edfica&#8221;.<\/span><\/p>\n<p style=\"font-size: 12.16px;line-height: 15.808px;text-align: justify\"><span style=\"font-size: 12.16px;line-height: 1.3em\">Entretanto, de acordo com o texto\u00a0assinado pela Presid\u00eancia da CNBB,\u00a0o pa\u00eds\u00a0passa por\u00a0&#8220;um triste momento da hist\u00f3ria&#8221;. \u00a0&#8220;<\/span><span style=\"font-size: 12.16px;line-height: 15.808px\">A aus\u00eancia de valores \u00e9ticos e morais provocou a profunda crise pol\u00edtica, econ\u00f4mica e social que estamos atravessando. A hist\u00f3rica desigualdade social n\u00e3o foi superada. Corremos o risco de v\u00ea-la agravada pela desconstru\u00e7\u00e3o de pol\u00edticas p\u00fablicas, que resultam em perda de direitos&#8221;,\u00a0dizem os bispos. Confira, abaixo, a \u00edntegra do texto:\u00a0<\/span><\/p>\n<p style=\"font-size: 12.16px;line-height: 15.808px\"><strong>MENSAGEM POR OCASI\u00c3O DA COMEMORA\u00c7\u00c3O DO DIA DA INDEPEND\u00caNCIA<\/strong><\/p>\n<p style=\"font-size: 12.16px;line-height: 15.808px;text-align: center\"><em>\u201cA esperan\u00e7a n\u00e3o decepciona\u201d (Rm 5,5)<\/em><\/p>\n<p style=\"font-size: 12.16px;line-height: 15.808px\">\n<p style=\"font-size: 12.16px;line-height: 15.808px;text-align: justify\">A Confer\u00eancia Nacional dos Bispos do Brasil \u2013 CNBB, por ocasi\u00e3o das comemora\u00e7\u00f5es de 7 de setembro, dia da Independ\u00eancia, reafirma que o Brasil \u00e9 um pa\u00eds livre, soberano e religioso. \u00c9 uma das dez maiores economias do mundo, territ\u00f3rio vasto e diverso, mais de 200 milh\u00f5es de brasileiras e brasileiros. Testemunhas de uma hist\u00f3ria constru\u00edda na diversidade, na toler\u00e2ncia e na conviv\u00eancia pac\u00edfica.<\/p>\n<p style=\"font-size: 12.16px;line-height: 15.808px;text-align: justify\">Contudo, vivemos\u00a0um triste momento de nossa hist\u00f3ria. A aus\u00eancia de valores \u00e9ticos e morais provocou a profunda crise pol\u00edtica, econ\u00f4mica e social que estamos atravessando. A hist\u00f3rica desigualdade social n\u00e3o foi superada. Corremos o risco de v\u00ea-la agravada pela desconstru\u00e7\u00e3o de pol\u00edticas p\u00fablicas, que resultam em perda de direitos.<\/p>\n<p style=\"font-size: 12.16px;line-height: 15.808px;text-align: justify\">Constatamos as dificuldades do momento, mas acreditamos na capacidade do povo brasileiro de superar adversidades, sempre atrav\u00e9s de manifesta\u00e7\u00f5es pac\u00edficas. Cada institui\u00e7\u00e3o \u00e9 chamada a cumprir seus respectivos deveres, no Estado Democr\u00e1tico de Direito, atuando no que lhe \u00e9 espec\u00edfico, em favor do povo brasileiro, nunca por interesses particulares ou corporativos. A Carta Magna de 1988, fruto de um processo de participa\u00e7\u00e3o popular, guardi\u00e3 da democracia brasileira, deve ser arduamente defendida.<\/p>\n<p style=\"font-size: 12.16px;line-height: 15.808px;text-align: justify\">Menos de um m\u00eas nos separam das elei\u00e7\u00f5es municipais. \u00c9 uma oportunidade para nossa popula\u00e7\u00e3o falar atrav\u00e9s das urnas. N\u00e3o percamos a chance de ter uma participa\u00e7\u00e3o ativa e consciente que resgate a pol\u00edtica e eduque para cidadania. Recordemos que se trata de uma elei\u00e7\u00e3o sem o financiamento empresarial e regida pela lei da Ficha Limpa, relevantes conquistas da sociedade brasileira.<\/p>\n<p style=\"font-size: 12.16px;line-height: 15.808px;text-align: justify\">\u201cGigante pela pr\u00f3pria natureza&#8230; teu futuro espelha essa grandeza\u201d.<\/p>\n<p style=\"font-size: 12.16px;line-height: 15.808px;text-align: justify\">O dia da p\u00e1tria seja uma ocasi\u00e3o para reafirmar o compromisso de todo o povo brasileiro com a democracia, por meio\u00a0do di\u00e1logo e da busca incans\u00e1vel pela paz, para construirmos juntos um Brasil fraterno e justo. A \u201cesperan\u00e7a n\u00e3o decepciona\u201d (Rm 5,5).<\/p>\n<p style=\"font-size: 12.16px;line-height: 15.808px;text-align: justify\">Nossa Senhora Aparecida, padroeira do Brasil, interceda por n\u00f3s!<\/p>\n<p style=\"font-size: 12.16px;line-height: 15.808px\">\n<p style=\"font-size: 12.16px;line-height: 15.808px\">Bras\u00edlia-DF, 07 de setembro de 2016<\/p>\n<p style=\"font-size: 12.16px;line-height: 15.808px\">\n<p style=\"margin: 0px 0px 10px;color: #444444;font-family: Arial, Helvetica, sans-serif;font-size: 13px;line-height: 20px;text-align: center\"><strong>Dom Sergio da Rocha<\/strong>\u00a0\u00a0 \u00a0 \u00a0 \u00a0 \u00a0 \u00a0 \u00a0 \u00a0 \u00a0 \u00a0 \u00a0 \u00a0 \u00a0 \u00a0<strong>\u00a0\u00a0Dom Murilo S. R. Krieger<\/strong><\/p>\n<p style=\"margin: 0px 0px 10px;color: #444444;font-family: Arial, Helvetica, sans-serif;font-size: 13px;line-height: 20px;text-align: center\">\u00a0 \u00a0 \u00a0 \u00a0 \u00a0 Arcebispo de Bras\u00edlia-DF \u00a0 \u00a0 \u00a0 \u00a0 \u00a0 \u00a0 \u00a0 \u00a0 \u00a0 \u00a0 Arcebispo de S. Salvador da Bahia-BA<\/p>\n<p style=\"margin: 0px 0px 10px;color: #444444;font-family: Arial, Helvetica, sans-serif;font-size: 13px;line-height: 20px;text-align: center\">\u00a0 Presidente da CNBB \u00a0 \u00a0 \u00a0 \u00a0 \u00a0 \u00a0 \u00a0 \u00a0 \u00a0 \u00a0 \u00a0 \u00a0 \u00a0 \u00a0 \u00a0 \u00a0 Vice-Presidente da CNBB<\/p>\n<p style=\"margin: 0px 0px 10px;color: #444444;font-family: Arial, Helvetica, sans-serif;font-size: 13px;line-height: 20px;text-align: center\">\n<p style=\"margin: 0px 0px 10px;color: #444444;font-family: Arial, Helvetica, sans-serif;font-size: 13px;line-height: 20px;text-align: center\">\n<p style=\"margin: 0px 0px 10px;color: #444444;font-family: Arial, Helvetica, sans-serif;font-size: 13px;line-height: 20px;text-align: center\">\n<p style=\"margin: 0px 0px 10px;color: #444444;font-family: Arial, Helvetica, sans-serif;font-size: 13px;line-height: 20px;text-align: center\">\u00a0 \u00a0 \u00a0\u00a0<strong>Dom Leonardo Ulrich Steiner<\/strong><\/p>\n<p style=\"margin: 0px 0px 10px;color: #444444;font-family: Arial, Helvetica, sans-serif;font-size: 13px;line-height: 20px;text-align: center\">\u00a0 \u00a0 \u00a0 \u00a0 \u00a0Bispo Auxiliar de Bras\u00edlia-DF<\/p>\n<p style=\"margin: 0px 0px 10px;color: #444444;font-family: Arial, Helvetica, sans-serif;font-size: 13px;line-height: 20px;text-align: center\">\u00a0 \u00a0 \u00a0 \u00a0Secret\u00e1rio-Geral da CNBB<\/p>\n<p>&nbsp;<\/p>\n","protected":false},"excerpt":{"rendered":"<p>Texto \u00e9 assinado pela Presid\u00eancia da CNBB<\/p>\n","protected":false},"author":83,"featured_media":16200,"comment_status":"open","ping_status":"open","sticky":false,"template":"","format":"standard","meta":{"site-sidebar-layout":"default","site-content-layout":"default","ast-global-header-display":"","ast-banner-title-visibility":"","ast-main-header-display":"","ast-hfb-above-header-display":"","ast-hfb-below-header-display":"","ast-hfb-mobile-header-display":"","site-post-title":"","ast-breadcrumbs-content":"","ast-featured-img":"","footer-sml-layout":"","theme-transparent-header-meta":"","adv-header-id-meta":"","stick-header-meta":"","header-above-stick-meta":"","header-main-stick-meta":"","header-below-stick-meta":""},"categories":[802],"tags":[],"acf":[],"_links":{"self":[{"href":"https:\/\/www.cnbb.org.br\/cnbb-app\/wp\/v2\/posts\/18247"}],"collection":[{"href":"https:\/\/www.cnbb.org.br\/cnbb-app\/wp\/v2\/posts"}],"about":[{"href":"https:\/\/www.cnbb.org.br\/cnbb-app\/wp\/v2\/types\/post"}],"author":[{"embeddable":true,"href":"https:\/\/www.cnbb.org.br\/cnbb-app\/wp\/v2\/users\/83"}],"replies":[{"embeddable":true,"href":"https:\/\/www.cnbb.org.br\/cnbb-app\/wp\/v2\/comments?post=18247"}],"version-history":[{"count":0,"href":"https:\/\/www.cnbb.org.br\/cnbb-app\/wp\/v2\/posts\/18247\/revisions"}],"wp:featuredmedia":[{"embeddable":true,"href":"https:\/\/www.cnbb.org.br\/cnbb-app\/wp\/v2\/media\/16200"}],"wp:attachment":[{"href":"https:\/\/www.cnbb.org.br\/cnbb-app\/wp\/v2\/media?parent=18247"}],"wp:term":[{"taxonomy":"category","embeddable":true,"href":"https:\/\/www.cnbb.org.br\/cnbb-app\/wp\/v2\/categories?post=18247"},{"taxonomy":"post_tag","embeddable":true,"href":"https:\/\/www.cnbb.org.br\/cnbb-app\/wp\/v2\/tags?post=18247"}],"curies":[{"name":"wp","href":"https:\/\/api.w.org\/{rel}","templated":true}]}}