{"id":18248,"date":"2016-11-03T00:00:00","date_gmt":"2016-11-03T02:00:00","guid":{"rendered":"https:\/\/www.cnbb.org.br\/hoje-catolicos-e-luteranos-sao-chamados-a-um-novo-momento-afirma-dom-zanoni\/"},"modified":"2016-11-03T00:00:00","modified_gmt":"2016-11-03T02:00:00","slug":"hoje-catolicos-e-luteranos-sao-chamados-a-um-novo-momento-afirma-dom-zanoni","status":"publish","type":"post","link":"https:\/\/www.cnbb.org.br\/hoje-catolicos-e-luteranos-sao-chamados-a-um-novo-momento-afirma-dom-zanoni\/","title":{"rendered":"\u201cHoje cat\u00f3licos e luteranos s\u00e3o chamados a um novo momento\u201d, afirma dom Zanoni"},"content":{"rendered":"<p class=\"MsoNormal\">Em artigo, arcebispo de Feira de Santana fala sobre busca de comunh\u00e3o entre cat\u00f3licos e luteranos<\/p>\n<p><!--more--><\/p>\n<p class=\"MsoNormal\" style=\"text-align: justify\">No dia 31 de outubro de 2017 completar\u00e3o os 500 anos da Reforma Protestante, dia em que se faz mem\u00f3ria das 95 teses que Martinho Lutero exp\u00f4s sobre a porta da Igreja do castelo de Wittenberg, na Alemanha. J\u00e1 neste ano de 2016 iniciaram as mobiliza\u00e7\u00f5es em torno das celebra\u00e7\u00f5es marcadas pela proposta de celebra\u00e7\u00e3o conjunta entre cat\u00f3licos e luteranos. O arcebispo de Feira de Santana (BA) e membro da Comiss\u00e3o Episcopal Pastoral para o Ecumenismo e o Di\u00e1logo Inter-Religioso da Confer\u00eancia Nacional dos Bispos do Brasil, dom Zanoni Demettino Castro, escreveu um artigo no qual ressalta que, na atualidade, \u201ccat\u00f3licos e luteranos s\u00e3o chamados a um novo momento\u201d.<\/p>\n<p class=\"MsoNormal\" style=\"text-align: justify\">De acordo com o arcebispo, s\u00e3o cinco s\u00e9culos de conflitos, de troca de acusa\u00e7\u00f5es, de excomunh\u00f5es, de guerras e divis\u00f5es. \u201cQuanta dor e sofrimento. Quanta viol\u00eancia em nome da religi\u00e3o\u201d, lamenta. Neste novo momento, reflete dom Zanoni, cat\u00f3licos e luteranos s\u00e3o \u201cdesafiados como crist\u00e3os a fazerem mem\u00f3ria deste acontecimento com outros olhos, os olhos da f\u00e9 em Jesus Cristo, que nos amou sem impor condi\u00e7\u00f5es e nos disse que nos amassemos uns aos outros como ele nos amou\u201d.<\/p>\n<p class=\"MsoNormal\" style=\"text-align: justify\">Nesta semana, o papa Francisco viajou para a Su\u00e9cia, onde participou da comemora\u00e7\u00e3o dos 50 anos de di\u00e1logo entre a Igreja Cat\u00f3lica e a Igreja Luterana, na esteira da recorda\u00e7\u00e3o dos 500 anos da Reforma protestante.<\/p>\n<p class=\"MsoNormal\" style=\"text-align: justify\">\u201cDou gra\u00e7as a Deus por esta recorda\u00e7\u00e3o conjunta dos 500 anos da Reforma, que estamos vivendo com esp\u00edrito renovado e conscientes de que a unidade entre os crist\u00e3os \u00e9 uma prioridade, porque reconhecemos que, entre n\u00f3s, \u00e9 muito mais o que nos une do que aquilo que nos separa\u201d, disse o pont\u00edfice em seu discurso durante o evento ecum\u00eanico na Arena de Malm\u00f5.<\/p>\n<p class=\"MsoNormal\" style=\"text-align: justify\">Em seu artigo, dom Zanoni recorda a retomada do di\u00e1logo. \u201cH\u00e1 mais de cinquenta anos o entendimento entre cat\u00f3licos e luteranos vem crescendo, num constante e frutuoso di\u00e1logo ecum\u00eanico. Diferen\u00e7as s\u00e3o superadas, entendimentos aprofundados e a confian\u00e7a cada vez mais fortalecida\u201d, escreveu.<\/p>\n<h3 class=\"MsoNormal\" style=\"text-align: justify\">A\u00e7\u00f5es comuns<\/h3>\n<p class=\"MsoNormal\" style=\"text-align: justify\"><img decoding=\"async\" loading=\"lazy\" class=\" alignright size-full wp-image-30874\" style=\"float: right\" src=\"https:\/\/www.cnbb.org.br\/wp-content\/uploads\/2020\/03\/RV19543_Caritas.jpg\" alt=\"\" width=\"431\" height=\"305\" \/>O membro da Comiss\u00e3o para o Ecumenismo da CNBB ainda ressalta as a\u00e7\u00f5es comuns em defesa dos pobres e necessitados. \u201cLutas travadas juntos s\u00e3o realidades cada dia mais constantes. Quantas oportunidades para sonharmos juntos e testemunhar o Deus de amor e miseric\u00f3rdia\u201d, ressaltou.<\/p>\n<p class=\"MsoNormal\" style=\"text-align: justify\">Na \u00faltima segunda-feira, dia 31 de outubro, foi firmada uma Declara\u00e7\u00e3o de Inten\u00e7\u00f5es entre a Caritas Internationalis e o Servi\u00e7o Mundial luterano. No documento, as entidades se comprometem com objetivos como a cria\u00e7\u00e3o de oportunidades; a coopera\u00e7\u00e3o em situa\u00e7\u00f5es apropriadas; partilha de ensinamentos, desafios e oportunidades; o entendimento da Declara\u00e7\u00e3o de Inten\u00e7\u00f5es por parte de seus membros e o trabalho conjunto em harmonia.<\/p>\n<p class=\"MsoNormal\" style=\"text-align: justify\">As \u00e1reas de atua\u00e7\u00e3o definidas pela declara\u00e7\u00e3o s\u00e3o o aux\u00edlio a refugiados, deslocados internos e migrantes; a constru\u00e7\u00e3o da paz e da reconcilia\u00e7\u00e3o; a resposta humanit\u00e1ria; a implementa\u00e7\u00e3o dos Objetivos de Desenvolvimento Sustent\u00e1vel e programas e a\u00e7\u00f5es entre as confiss\u00f5es. Encontros anuais ser\u00e3o realizados afim de planejar a\u00e7\u00f5es futuras.<\/p>\n<h3 class=\"MsoNormal\" style=\"text-align: justify\">Agradecimento<\/h3>\n<p class=\"MsoNormal\" style=\"text-align: justify\">Para dom Zanoni, gora \u00e9 tempo de \u201cagradecer a Deus a caminhada feita. Vivemos um novo tempo, que exige escuta e entendimento, que nos ensina a n\u00e3o mais impor nossas verdades, mas, sobretudo, deixar o outro falar, contar a sua hist\u00f3ria, apresentar seu ponto de vista\u201d, afirmou.<\/p>\n<p class=\"MsoNormal\" style=\"text-align: justify\">Leia o artigo de dom Zanoni Demettino Castro na \u00edntegra: <a href=\"https:\/\/www.cnbb.org.br\/index.php?option=com_content&amp;view=article&amp;id=19765:do-conflito-a-comunhao&amp;catid=385&amp;Itemid=204\" target=\"_blank\" rel=\"noopener\">&#8220;Do conflito \u00e0 comunh\u00e3o&#8221;\u00a0<\/a><\/p>\n<p class=\"MsoNormal\" style=\"text-align: justify\">Adquira o livro do &#8220;<a href=\"http:\/\/www.edicoescnbb.com.br\/do-conflito-a-comunhao-comemoracao-catolico-luterana.html\" target=\"_blank\" rel=\"noopener\">Conflito \u00e0 comunh\u00e3o \u2013 Comemora\u00e7\u00e3o conjunta Cat\u00f3lico-Luterana da Reforma em 2017<\/a>&#8221; lan\u00e7ado pelas Edi\u00e7\u00f5es CNBB.<\/p>\n<h5 class=\"MsoNormal\" style=\"text-align: justify\">Com informa\u00e7\u00f5es e foto da R\u00e1dio Vaticano<\/h5>\n<p>&nbsp;<\/p>\n","protected":false},"excerpt":{"rendered":"<p>Em artigo, arcebispo de Feira de Santana fala sobre busca de comunh\u00e3o entre cat\u00f3licos e luteranos<\/p>\n","protected":false},"author":83,"featured_media":18249,"comment_status":"open","ping_status":"open","sticky":false,"template":"","format":"standard","meta":{"site-sidebar-layout":"default","site-content-layout":"default","ast-global-header-display":"","ast-banner-title-visibility":"","ast-main-header-display":"","ast-hfb-above-header-display":"","ast-hfb-below-header-display":"","ast-hfb-mobile-header-display":"","site-post-title":"","ast-breadcrumbs-content":"","ast-featured-img":"","footer-sml-layout":"","theme-transparent-header-meta":"","adv-header-id-meta":"","stick-header-meta":"","header-above-stick-meta":"","header-main-stick-meta":"","header-below-stick-meta":""},"categories":[802],"tags":[],"acf":[],"_links":{"self":[{"href":"https:\/\/www.cnbb.org.br\/cnbb-app\/wp\/v2\/posts\/18248"}],"collection":[{"href":"https:\/\/www.cnbb.org.br\/cnbb-app\/wp\/v2\/posts"}],"about":[{"href":"https:\/\/www.cnbb.org.br\/cnbb-app\/wp\/v2\/types\/post"}],"author":[{"embeddable":true,"href":"https:\/\/www.cnbb.org.br\/cnbb-app\/wp\/v2\/users\/83"}],"replies":[{"embeddable":true,"href":"https:\/\/www.cnbb.org.br\/cnbb-app\/wp\/v2\/comments?post=18248"}],"version-history":[{"count":0,"href":"https:\/\/www.cnbb.org.br\/cnbb-app\/wp\/v2\/posts\/18248\/revisions"}],"wp:featuredmedia":[{"embeddable":true,"href":"https:\/\/www.cnbb.org.br\/cnbb-app\/wp\/v2\/media\/18249"}],"wp:attachment":[{"href":"https:\/\/www.cnbb.org.br\/cnbb-app\/wp\/v2\/media?parent=18248"}],"wp:term":[{"taxonomy":"category","embeddable":true,"href":"https:\/\/www.cnbb.org.br\/cnbb-app\/wp\/v2\/categories?post=18248"},{"taxonomy":"post_tag","embeddable":true,"href":"https:\/\/www.cnbb.org.br\/cnbb-app\/wp\/v2\/tags?post=18248"}],"curies":[{"name":"wp","href":"https:\/\/api.w.org\/{rel}","templated":true}]}}