{"id":18253,"date":"2017-01-10T00:00:00","date_gmt":"2017-01-10T02:00:00","guid":{"rendered":"https:\/\/www.cnbb.org.br\/diocese-de-jundiai-chega-aos-50-anos-de-existencia\/"},"modified":"2017-01-10T00:00:00","modified_gmt":"2017-01-10T02:00:00","slug":"diocese-de-jundiai-chega-aos-50-anos-de-existencia","status":"publish","type":"post","link":"https:\/\/www.cnbb.org.br\/diocese-de-jundiai-chega-aos-50-anos-de-existencia\/","title":{"rendered":"Diocese de Jundia\u00ed celebra 50 anos de exist\u00eancia"},"content":{"rendered":"<p style=\"text-align: justify\">Festa do Jubileu de Ouro reuniu milhares de fi\u00e9is<\/p>\n<p><!--more--><\/p>\n<p style=\"text-align: justify\">A diocese de Jundia\u00ed (SP) chegou a meio s\u00e9culo de hist\u00f3ria e como forma de comemorar realizou a festa do Jubileu de Ouro que contou com a presen\u00e7a de uma multid\u00e3o de fi\u00e9is no Gin\u00e1sio de Esportes Doutor Nocolino de Lucca (Bol\u00e3o). A celebra\u00e7\u00e3o uniu cerca de nove mil pessoas, no domingo, 8 de janeiro. A missa festiva foi presidida pelo bispo diocesano, dom Vicente Costa, e concelebrada pelo arcebispo de S\u00e3o Paulo, cardeal dom Odilo Pedre Scherer, al\u00e9m de bispos convidados.<\/p>\n<p style=\"text-align: justify\">Na celebra\u00e7\u00e3o eucar\u00edstica, depois de destacar a Epifania, as manifesta\u00e7\u00f5es de Deus na diocese, desde a sua funda\u00e7\u00e3o, dom Vicente fez o envio dos 15 mil mission\u00e1rios das Santas Miss\u00f5es Populares, representados por par\u00f3quias, para as Semanas Mission\u00e1rias. \u201cQue n\u00e3o seja apenas uma semana, mas que sejamos mission\u00e1rios convictos sempre. A miss\u00e3o \u00e9 a carteira de identidade do crist\u00e3o. N\u00e3o esque\u00e7am!\u201d, disse Dom Vicente.<\/p>\n<p style=\"text-align: justify\">O bispo acredita ter sido inspira\u00e7\u00e3o divina o desejo de marcar o momento presente da igreja particular de Jundia\u00ed com o Projeto das Santas Miss\u00f5es Populares lan\u00e7ado em 2015. \u201cEsta Igreja quer dar este presente ao Senhor Jesus que veio nascer entre n\u00f3s no Natal e que se manifesta a toda a humanidade nas figuras dos Magos. Como eles, queremos trilhar um outro caminho, um novo caminho de evangeliza\u00e7\u00e3o, indo \u00e0 procura daqueles que n\u00e3o tiveram a alegria de experimentar, de viver na companhia \u00edntima e profunda com o Senhor\u201d, explicou.<\/p>\n<p style=\"text-align: justify\">\u201cPor isso, a Igreja Diocesana de Jundia\u00ed envia hoje seus mission\u00e1rios e suas mission\u00e1rias para irem ao encontro de todos, em todos os ambientes de vida&#8230;\u201d, prosseguiu. E acrescentou: \u201cComo os Magos, somos enviados por Deus, como seus mission\u00e1rios e suas mission\u00e1rias, para oferecer o ouro, ou seja, \u00a0toda a nossa riqueza, tudo de melhor que possu\u00edmos; o incenso, convidando as pessoas para se abrirem ao Absoluto, ao Transcendente, ao Deus que nos ama com incomensur\u00e1vel amor; e a mirra: para curar, para aliviar as dores dos nossos irm\u00e3os feridos, cansados, maltratados e abandonados para acolher e servir a todos, aliviando as suas dores, curando suas feridas de qualquer natureza que seja, oferecendo-lhes vida, e vida em abund\u00e2ncia, que somente nosso Senhor pode oferecer\u201d.\u00a0<img decoding=\"async\" loading=\"lazy\" class=\" alignright size-full wp-image-31357\" style=\"float: right\" src=\"https:\/\/www.cnbb.org.br\/wp-content\/uploads\/2020\/03\/jundiai23.jpg\" alt=\"\" width=\"360\" height=\"240\" \/><\/p>\n<p style=\"text-align: justify\">Al\u00e9m de falar do passado, do presente e do futuro da diocese, dom Vicente mencionou diversas vezes a homilia do papa Francisco sobre a Epifania. Lembrou, ao finalizar seu discurso, a cita\u00e7\u00e3o de S\u00e3o Jo\u00e3o Cris\u00f3stomo: &#8220;Os s\u00e1bios do oriente n\u00e3o se puseram a caminho porque viram a Estrela, mas viram a Estrela porque j\u00e1 estavam a caminho, tinham como disse o papa Francisco, uma nostalgia por Deus, pelas coisas santas e por essa raz\u00e3o, chegaram ao menino\u201d.<\/p>\n<p style=\"text-align: justify\">De acordo com o padre Leandro Megeto, a celebra\u00e7\u00e3o dos 50 anos da diocese de Jundia\u00ed foi momento prop\u00edcio de se alegrar com as conquistas e realiza\u00e7\u00f5es. \u201cFoi tamb\u00e9m momento de reconhecer nossos erros e limita\u00e7\u00f5es, mas acima de tudo \u00e9 tempo de realizar a vontade de Deus no momento da hist\u00f3ria. \u00c9 tempo de festa e de alegria!\u201d, disse o coordenador da A\u00e7\u00e3o Evangelizadora e da Comiss\u00e3o Jubilar.<\/p>\n<h4 style=\"text-align: justify\">Hist\u00f3rico<\/h4>\n<p style=\"text-align: justify\">Criada no dia 7 de novembro de 1966, pela Bula \u201c<em>Quantum Conferat<\/em>\u201d do papa Paulo VI, a diocese de Jundia\u00ed foi instalada canonicamente no dia 6 de janeiro de 1967, numa memor\u00e1vel celebra\u00e7\u00e3o festiva que contou com imensa multid\u00e3o de fi\u00e9is e numerosas autoridades eclesi\u00e1sticas, civis e militares. Tomou posse, naquele dia, seu primeiro bispo, dom Gabriel Paulino Bueno Couto. Desde o Jubileu de Prata, em 1992, foi reconhecida pela Santa S\u00e9 como Padroeira Diocesana, Nossa Senhora do Desterro, que \u00e9 tamb\u00e9m patrona da cidade de Jundia\u00ed desde 1615.<\/p>\n<p style=\"text-align: justify\">Fazem parte da diocese de Jundia\u00ed 66 par\u00f3quias e uma \u00e1rea pastoral, em onze cidades: Jundia\u00ed, Cabre\u00fava, Cajamar, Campo Limpo Paulista, Itu, Itupeva, Louveira, Pirapora do Bom Jesus, Salto, Santana de Parna\u00edba e V\u00e1rzea Paulista. Hoje, a diocese tem uma popula\u00e7\u00e3o de mais de um milh\u00e3o de habitantes, dos quais cerca de 66% professam a f\u00e9 cat\u00f3lica. Conta ainda com 87 sacerdotes incardinados, 25 sacerdotes membros de Institutos Religiosos e 91 di\u00e1conos permanentes e 50 seminaristas.<\/p>\n<h4 style=\"text-align: justify\">Com informa\u00e7\u00f5es da diocese de Jundia\u00ed<\/h4>\n<p>&nbsp;<\/p>\n<p>&nbsp;<\/p>\n<p>&nbsp;<\/p>\n<p>&nbsp;<\/p>\n","protected":false},"excerpt":{"rendered":"<p>Festa do Jubileu de Ouro reuniu milhares de fi\u00e9is<\/p>\n","protected":false},"author":83,"featured_media":18254,"comment_status":"open","ping_status":"open","sticky":false,"template":"","format":"standard","meta":{"site-sidebar-layout":"default","site-content-layout":"default","ast-global-header-display":"","ast-banner-title-visibility":"","ast-main-header-display":"","ast-hfb-above-header-display":"","ast-hfb-below-header-display":"","ast-hfb-mobile-header-display":"","site-post-title":"","ast-breadcrumbs-content":"","ast-featured-img":"","footer-sml-layout":"","theme-transparent-header-meta":"","adv-header-id-meta":"","stick-header-meta":"","header-above-stick-meta":"","header-main-stick-meta":"","header-below-stick-meta":""},"categories":[802],"tags":[],"acf":[],"_links":{"self":[{"href":"https:\/\/www.cnbb.org.br\/cnbb-app\/wp\/v2\/posts\/18253"}],"collection":[{"href":"https:\/\/www.cnbb.org.br\/cnbb-app\/wp\/v2\/posts"}],"about":[{"href":"https:\/\/www.cnbb.org.br\/cnbb-app\/wp\/v2\/types\/post"}],"author":[{"embeddable":true,"href":"https:\/\/www.cnbb.org.br\/cnbb-app\/wp\/v2\/users\/83"}],"replies":[{"embeddable":true,"href":"https:\/\/www.cnbb.org.br\/cnbb-app\/wp\/v2\/comments?post=18253"}],"version-history":[{"count":0,"href":"https:\/\/www.cnbb.org.br\/cnbb-app\/wp\/v2\/posts\/18253\/revisions"}],"wp:featuredmedia":[{"embeddable":true,"href":"https:\/\/www.cnbb.org.br\/cnbb-app\/wp\/v2\/media\/18254"}],"wp:attachment":[{"href":"https:\/\/www.cnbb.org.br\/cnbb-app\/wp\/v2\/media?parent=18253"}],"wp:term":[{"taxonomy":"category","embeddable":true,"href":"https:\/\/www.cnbb.org.br\/cnbb-app\/wp\/v2\/categories?post=18253"},{"taxonomy":"post_tag","embeddable":true,"href":"https:\/\/www.cnbb.org.br\/cnbb-app\/wp\/v2\/tags?post=18253"}],"curies":[{"name":"wp","href":"https:\/\/api.w.org\/{rel}","templated":true}]}}