{"id":18255,"date":"2017-02-01T00:00:00","date_gmt":"2017-02-01T02:00:00","guid":{"rendered":"https:\/\/www.cnbb.org.br\/faleceu-dom-albano-cavallin\/"},"modified":"2017-02-01T00:00:00","modified_gmt":"2017-02-01T02:00:00","slug":"faleceu-dom-albano-cavallin","status":"publish","type":"post","link":"https:\/\/www.cnbb.org.br\/faleceu-dom-albano-cavallin\/","title":{"rendered":"Faleceu dom Albano Bortoletto Cavallin"},"content":{"rendered":"<p style=\"text-align: justify\">Dom Albano era arcebispo em\u00e9rito de Londrina<\/p>\n<p><!--more--><\/p>\n<p style=\"text-align: justify\">Faleceu nesta quarta-feira, 1\u00ba, aos 86 anos de idade, o arcebispo em\u00e9rito de Londrina (PR), dom Albano Bortoletto Cavallin, ap\u00f3s um procedimento cir\u00fargico.<\/p>\n<p style=\"text-align: justify\">Dom Albano foi ordenado padre aos 24 anos. Tornou-se padre coadjutor, na Catedral de Curitiba (PR) e tamb\u00e9m foi p\u00e1roco na Igreja Santa Terezinha, na capital. Foi bispo auxilar de Curitiba, de 1973 a 1986, e membro da Comiss\u00e3o Episcopal Pastoral &#8211; Dimens\u00e3o B\u00edblico Catequ\u00e9tica.\u00a0Transferido para a diocese de Guarapuava (PR), atuou como bispo mission\u00e1rio. Em Londrina (PR), tomou posse como terceiro arcebispo, em 09 de maio de 1992. H\u00e1 10 anos, tornou-se em\u00e9rito.<\/p>\n<p style=\"text-align: justify\">Em nota, a arquidiocese de Londrina afirmou que o seu episcopado foi marcado por grande dinamismo pastoral: \u201cDom Albano foi um arcebispo sempre atento e preocupado com o povo. Ficar\u00e1 na hist\u00f3ria da arquidiocese como o bispo de fala simples e clara, o contador de hist\u00f3rias, o bispo catequista, o pastor zeloso e realizador, o bispo das miss\u00f5es populares que amou profundamente seu povo\u201d.<\/p>\n<h3 style=\"text-align: justify\">Sepultamento<\/h3>\n<p style=\"text-align: justify\">Hoje e amanh\u00e3 acontecem v\u00e1rias celebra\u00e7\u00f5es eucar\u00edsticas durante o vel\u00f3rio de dom Albano. Amanh\u00e3, sexta-feira, dia 3, a primeira missa ter\u00e1 in\u00edcio \u00e0 meia noite. \u00c0s 10 horas, o bispo de Corn\u00e9lio Proc\u00f3pio (PR) e administrador apost\u00f3lico da arquidiocese de Londrina, dom Manoel Jo\u00e3o Francisco, preside a celebra\u00e7\u00e3o das ex\u00e9quias de dom Albano. Logo ap\u00f3s, \u00e0s 11h30, acontece o sepultamento na cripta da Catedral.<\/p>\n<p>&nbsp;<\/p>\n","protected":false},"excerpt":{"rendered":"<p>Dom Albano era arcebispo em\u00e9rito de Londrina<\/p>\n","protected":false},"author":83,"featured_media":18256,"comment_status":"open","ping_status":"open","sticky":false,"template":"","format":"standard","meta":{"site-sidebar-layout":"default","site-content-layout":"default","ast-global-header-display":"","ast-banner-title-visibility":"","ast-main-header-display":"","ast-hfb-above-header-display":"","ast-hfb-below-header-display":"","ast-hfb-mobile-header-display":"","site-post-title":"","ast-breadcrumbs-content":"","ast-featured-img":"","footer-sml-layout":"","theme-transparent-header-meta":"","adv-header-id-meta":"","stick-header-meta":"","header-above-stick-meta":"","header-main-stick-meta":"","header-below-stick-meta":""},"categories":[802],"tags":[],"acf":[],"_links":{"self":[{"href":"https:\/\/www.cnbb.org.br\/cnbb-app\/wp\/v2\/posts\/18255"}],"collection":[{"href":"https:\/\/www.cnbb.org.br\/cnbb-app\/wp\/v2\/posts"}],"about":[{"href":"https:\/\/www.cnbb.org.br\/cnbb-app\/wp\/v2\/types\/post"}],"author":[{"embeddable":true,"href":"https:\/\/www.cnbb.org.br\/cnbb-app\/wp\/v2\/users\/83"}],"replies":[{"embeddable":true,"href":"https:\/\/www.cnbb.org.br\/cnbb-app\/wp\/v2\/comments?post=18255"}],"version-history":[{"count":0,"href":"https:\/\/www.cnbb.org.br\/cnbb-app\/wp\/v2\/posts\/18255\/revisions"}],"wp:featuredmedia":[{"embeddable":true,"href":"https:\/\/www.cnbb.org.br\/cnbb-app\/wp\/v2\/media\/18256"}],"wp:attachment":[{"href":"https:\/\/www.cnbb.org.br\/cnbb-app\/wp\/v2\/media?parent=18255"}],"wp:term":[{"taxonomy":"category","embeddable":true,"href":"https:\/\/www.cnbb.org.br\/cnbb-app\/wp\/v2\/categories?post=18255"},{"taxonomy":"post_tag","embeddable":true,"href":"https:\/\/www.cnbb.org.br\/cnbb-app\/wp\/v2\/tags?post=18255"}],"curies":[{"name":"wp","href":"https:\/\/api.w.org\/{rel}","templated":true}]}}