{"id":18297,"date":"2010-11-05T00:00:00","date_gmt":"2010-11-05T02:00:00","guid":{"rendered":"https:\/\/www.cnbb.org.br\/dom-eugenio-sales-90-anos-a-servico-da-igreja-no-brasil\/"},"modified":"2020-03-11T19:58:18","modified_gmt":"2020-03-11T22:58:18","slug":"dom-eugenio-sales-90-anos-a-servico-da-igreja-no-brasil","status":"publish","type":"post","link":"https:\/\/www.cnbb.org.br\/dom-eugenio-sales-90-anos-a-servico-da-igreja-no-brasil\/","title":{"rendered":"Dom Eug\u00eanio Sales: 90 anos a servi\u00e7o da Igreja no Brasil"},"content":{"rendered":"<p style=\"text-align: justify\">Na pr\u00f3xima segunda-feira, 8 de novembro, o arcebispo em\u00e9rito do Rio de Janeiro (RJ), cardeal Eug\u00eanio de Ara\u00fajo Sales, completa 90 anos de idade. A data est\u00e1 sendo lembrada em v\u00e1rias regi\u00f5es do pa\u00eds, por ser dom Eug\u00eanio uma figura emblem\u00e1tica na Igreja no Brasil.<\/p>\n<p><!--more--><\/p>\n<p style=\"text-align: justify\">H\u00e1 mais de 30 anos no Rio de Janeiro, sendo arcebispo entre 1971 e 2001, dom Eug\u00eanio dedicou seu trabalho de modo a contemplar as in\u00fameras pastorais da Igreja, bem como a sociedade menos favorecida. Entre seus feitos, est\u00e1 a quest\u00e3o social. No Rio, ele criou a Pastoral Penal, da Sa\u00fade, do Trabalhador, al\u00e9m das pastorais das Dom\u00e9sticas e do Menor.<\/p>\n<p style=\"text-align: justify\">Com a Pastoral das Favelas, dom Eug\u00eanio foi fundamental para impedir a remo\u00e7\u00e3o de moradores da Favela do Vidigal. Em artigo publicado no site da CNBB, o arcebispo do Rio, dom Orani Jo\u00e3o Tempesta, afirma que dom Eug\u00eanio n\u00e3o fez apenas discursos em defesa dos pobres. \u201cNa pr\u00e1tica, no dia a dia, no socorro de suas necessidades e na sua colabora\u00e7\u00e3o profissional, ou seja, a sua promo\u00e7\u00e3o. O cardeal Sales, silenciosamente, como ele gosta de dizer, protegeu os presos pol\u00edticos, ajudou-os materialmente e foi sua voz [&#8230;]\u201d, diz um trecho do texto.<\/p>\n<p style=\"text-align: justify\">Para o arcebispo de Mariana (MG) e presidente da CNBB, dom Geraldo Lyrio Rocha, os 90 anos de dom Eug\u00eanio devem ser \u201cbastante comemorados pela preciosa vida que levou o cardeal\u201d. Sobre a longa atua\u00e7\u00e3o do cardeal na arquidiocese de Natal (RN), Salvador (BA) e Rio de Janeiro, ele aponta que a principal caracter\u00edstica de dom Eug\u00eanio \u00e9 a fidelidade. \u201cMuitos aspectos fazem lembrar a figura de dom Eug\u00eanio, mas, sem d\u00favida, aquela que mais o caracteriza \u00e9 a fidelidade ao minist\u00e9rio episcopal, pelo vasto trabalho que desempenhou at\u00e9 hoje\u201d, sublinhou o presidente da CNBB.<\/p>\n<p style=\"text-align: justify\">Dom Orani destaca a preocupa\u00e7\u00e3o com o clero como uma das marcas do cardeal Sales. Ele \u201crenovou o Semin\u00e1rio S\u00e3o Jos\u00e9, incentivando as voca\u00e7\u00f5es, ordenando muitos presb\u00edteros (215 durante o seu episcopado) e dando assist\u00eancia especial, por si ou por seus bispos auxiliares, aos padres de sua arquidiocese\u201d. A Campanha da Fraternidade foi outro marco da Igreja no Brasil, que teve dom Eug\u00eanio como guia, conforme mencionou dom Orani.<\/p>\n<p style=\"text-align: justify\">Na Confer\u00eancia Nacional dos Bispos do Brasil, o cardeal foi secret\u00e1rio do Regional Nordeste 3 (Bahia e Sergipe), membro do Conselho Permanente e presidente do Secretariado de Opini\u00e3o P\u00fablica da entidade, hoje assessoria de imprensa.<\/p>\n<p style=\"text-align: justify\">Em entrevista ao site da arquidiocese do Rio de Janeiro, o aniversariante fez quest\u00e3o de dizer que \u201cEu fui apenas um instrumento de Deus\u201d, ao responder pergunta sobre o seu minist\u00e9rio como arcebispo do Rio.<\/p>\n<p style=\"text-align: justify\">Na tarde desta quarta-feira, 3, ele recebeu do papa Bento XVI uma carta de felicita\u00e7\u00f5es pelo seu 90\u00ba anivers\u00e1rio natal\u00edcio. Dom Orani Jo\u00e3o Tempesta, fez pessoalmente a entrega do texto.<\/p>\n<p style=\"text-align: justify\">\u201cDesejo fazer dessa festa ponto de continuidade das atividades existentes no Rio de Janeiro\u201d, concluiu dom Eug\u00eanio sobre a data.<\/p>\n<p style=\"text-align: justify\">A missa de A\u00e7\u00e3o de Gra\u00e7as pelos 90 anos do cardeal dom Eug\u00eanio Sales ser\u00e1 neste s\u00e1bado, 6, com missa presidida por dom Orani, na catedral, \u00e0s 9h, e presen\u00e7a de v\u00e1rios bispos do Brasil, religiosos, padres, e da comunidade em geral.<\/p>\n<p style=\"text-align: justify\"><em><strong><span style=\"font-size: 8pt\">Foto: site Can\u00e7\u00e3o Nova<\/span><\/strong><\/em><\/p>\n","protected":false},"excerpt":{"rendered":"<p>Na pr\u00f3xima segunda-feira, 8 de novembro, o arcebispo em\u00e9rito do Rio de Janeiro (RJ), cardeal Eug\u00eanio de Ara\u00fajo Sales, completa 90 anos de idade. A data est\u00e1 sendo lembrada em v\u00e1rias regi\u00f5es do pa\u00eds, por ser dom Eug\u00eanio uma figura emblem\u00e1tica na Igreja no Brasil.<\/p>\n","protected":false},"author":83,"featured_media":18298,"comment_status":"open","ping_status":"open","sticky":false,"template":"","format":"standard","meta":{"site-sidebar-layout":"default","site-content-layout":"default","ast-global-header-display":"","ast-banner-title-visibility":"","ast-main-header-display":"","ast-hfb-above-header-display":"","ast-hfb-below-header-display":"","ast-hfb-mobile-header-display":"","site-post-title":"","ast-breadcrumbs-content":"","ast-featured-img":"","footer-sml-layout":"","theme-transparent-header-meta":"","adv-header-id-meta":"","stick-header-meta":"","header-above-stick-meta":"","header-main-stick-meta":"","header-below-stick-meta":""},"categories":[1654],"tags":[],"acf":[],"_links":{"self":[{"href":"https:\/\/www.cnbb.org.br\/cnbb-app\/wp\/v2\/posts\/18297"}],"collection":[{"href":"https:\/\/www.cnbb.org.br\/cnbb-app\/wp\/v2\/posts"}],"about":[{"href":"https:\/\/www.cnbb.org.br\/cnbb-app\/wp\/v2\/types\/post"}],"author":[{"embeddable":true,"href":"https:\/\/www.cnbb.org.br\/cnbb-app\/wp\/v2\/users\/83"}],"replies":[{"embeddable":true,"href":"https:\/\/www.cnbb.org.br\/cnbb-app\/wp\/v2\/comments?post=18297"}],"version-history":[{"count":0,"href":"https:\/\/www.cnbb.org.br\/cnbb-app\/wp\/v2\/posts\/18297\/revisions"}],"wp:featuredmedia":[{"embeddable":true,"href":"https:\/\/www.cnbb.org.br\/cnbb-app\/wp\/v2\/media\/18298"}],"wp:attachment":[{"href":"https:\/\/www.cnbb.org.br\/cnbb-app\/wp\/v2\/media?parent=18297"}],"wp:term":[{"taxonomy":"category","embeddable":true,"href":"https:\/\/www.cnbb.org.br\/cnbb-app\/wp\/v2\/categories?post=18297"},{"taxonomy":"post_tag","embeddable":true,"href":"https:\/\/www.cnbb.org.br\/cnbb-app\/wp\/v2\/tags?post=18297"}],"curies":[{"name":"wp","href":"https:\/\/api.w.org\/{rel}","templated":true}]}}