{"id":18301,"date":"2010-11-19T00:00:00","date_gmt":"2010-11-19T02:00:00","guid":{"rendered":"https:\/\/www.cnbb.org.br\/homenagem-aos-jesuitas-e-as-irmas-franciscanas\/"},"modified":"2020-03-11T19:58:17","modified_gmt":"2020-03-11T22:58:17","slug":"homenagem-aos-jesuitas-e-as-irmas-franciscanas","status":"publish","type":"post","link":"https:\/\/www.cnbb.org.br\/homenagem-aos-jesuitas-e-as-irmas-franciscanas\/","title":{"rendered":"Homenagem aos Jesu\u00edtas e \u00e0s Irm\u00e3s Franciscanas"},"content":{"rendered":"<h4 style=\"text-align: right\">Dom Can\u00edsio Klaus<\/h4>\n<p style=\"text-align: justify\">No dia 21 de novembro, quando a comunidade da Catedral conclui as comemora\u00e7\u00f5es dos 150 anos de par\u00f3quia, a Igreja de Santa Cruz vai prestar uma homenagem especial aos Padres Jesu\u00edtas e \u00e0s Irm\u00e3s Franciscanas da Penit\u00eancia e Caridade Crist\u00e3.<\/p>\n<p><!--more--><\/p>\n<p style=\"text-align: justify\">Os padres jesu\u00edtas chegaram a estas terras em 1859, com o intuito de atender a florescente popula\u00e7\u00e3o da Col\u00f4nia de Santa Cruz, que se erguera em terras devolutas do munic\u00edpio de Rio Pardo. Durante 100 anos eles presidiram a Par\u00f3quia S\u00e3o Jo\u00e3o Batista. Em 1925 deram in\u00edcio \u00e0s obras da nova Igreja, posteriormente transformada em Catedral. No dizer do Pe. Ign\u00e1cio Schmitz, \u201cela deveria ser imponente porque seria a Catedral da nova Diocese\u201d. Al\u00e9m de se empenhar nas obras de constru\u00e7\u00e3o da Catedral, os padres jesu\u00edtas marcaram a vida religiosa local com a Congrega\u00e7\u00e3o Mariana, a A\u00e7\u00e3o Cat\u00f3lica, o Apostolado da Ora\u00e7\u00e3o, a Cruzada Eucar\u00edstica, os retiros espirituais e os longos serm\u00f5es nas missas dominicais. A vida social ficou marcada com a cria\u00e7\u00e3o do C\u00edrculo Oper\u00e1rio, a funda\u00e7\u00e3o da Alian\u00e7a Cat\u00f3lica e cria\u00e7\u00e3o de associa\u00e7\u00f5es do tipo Bauernverein (liga dos agricultores) e Volksverein (Sociedade Uni\u00e3o Popular). Dessas associa\u00e7\u00f5es resultou a Caixa Rural, que financiou a capitaliza\u00e7\u00e3o de muitos agricultores. Tamb\u00e9m foram os padres jesu\u00edtas que prepararam o terreno para a instala\u00e7\u00e3o do Col\u00e9gio Sagrado Cora\u00e7\u00e3o de Jesus, Hospital Santa Cruz e Col\u00e9gio S\u00e3o Lu\u00eds. A \u00faltima grande obra deixada pelos jesu\u00edtas foi a Casa de Retiros Loyola, inaugurada no in\u00edcio da d\u00e9cada de 1960, quando os padres jesu\u00edtas j\u00e1 tinham entregue a par\u00f3quia da Catedral aos cuidados dos padres diocesanos.<\/p>\n<p style=\"text-align: justify\">As irm\u00e3s franciscanas foram acolhidas em Santa Cruz do Sul no dia 1\u00b0 de agosto de 1874. Vieram com a miss\u00e3o espec\u00edfica de fornecer instru\u00e7\u00e3o e educa\u00e7\u00e3o para as meninas, principalmente as de origem alem\u00e3, j\u00e1 que havia sido esta a raz\u00e3o da chegada da Congrega\u00e7\u00e3o ao Brasil. Por causa disso, sua primeira obra foi o Col\u00e9gio Sagrado Cora\u00e7\u00e3o de Jesus, onde funcionou o internato ao mesmo tempo em que eram acolhidos alunos (principalmente meninas) que queriam estudar. O destaque ficou por conta do Curso do Magist\u00e9rio, no qual se formaram muitas das professoras que hoje est\u00e3o atuando nas escolas da regi\u00e3o.<\/p>\n<p style=\"text-align: justify\">Al\u00e9m da educa\u00e7\u00e3o, as irm\u00e3s deixaram marcas na sa\u00fade local atrav\u00e9s da sua atua\u00e7\u00e3o no Hospital Santa Cruz. Num tempo em que os profissionais da \u00e1rea da sa\u00fade eram poucos e os recursos eram escassos, as irm\u00e3s come\u00e7aram sua atua\u00e7\u00e3o com a prescri\u00e7\u00e3o de ch\u00e1s e rem\u00e9dios homeop\u00e1ticos. Na dire\u00e7\u00e3o do Hospital Santa Cruz se empenharam em atender a todas as pessoas, tendo aten\u00e7\u00e3o especial aos mais pobres. Sua presen\u00e7a simples e humilde nos corredores do Hospital marcou muitas pessoas que para l\u00e1 acorriam em momentos de doen\u00e7a. Grande parte da popula\u00e7\u00e3o de Santa Cruz nasceu pelas m\u00e3os das Irm\u00e3s Franciscanas da Penit\u00eancia e Caridade Crist\u00e3. Obrigado pelos 131 anos de presen\u00e7a, servi\u00e7o e testemunho das irm\u00e3s franciscanas em nosso meio.<\/p>\n<p style=\"text-align: justify\">\u00c9 esta presen\u00e7a amorosa e dedicada, tanto dos Padres Jesu\u00edtas quanto das Irm\u00e3s Franciscanas, que n\u00f3s queremos celebrar na noite do domingo, dia 21 de novembro. A Diocese de Santa Cruz do Sul se une ao povo da Par\u00f3quia S\u00e3o Jo\u00e3o Batista para renovar seus sinceros agradecimentos a estas duas congrega\u00e7\u00f5es que tanto contribu\u00edram na evangeliza\u00e7\u00e3o do povo de Santa Cruz. Sem sua presen\u00e7a, a Igreja em Santa Cruz certamente n\u00e3o seria o que ela \u00e9 hoje. Obrigado e que Deus aben\u00e7oe sua miss\u00e3o.<\/p>\n","protected":false},"excerpt":{"rendered":"<p>Dom Can\u00edsio Klaus No dia 21 de novembro, quando a comunidade da Catedral conclui as comemora\u00e7\u00f5es dos 150 anos de par\u00f3quia, a Igreja de Santa Cruz vai prestar uma homenagem especial aos Padres Jesu\u00edtas e \u00e0s Irm\u00e3s Franciscanas da Penit\u00eancia e Caridade Crist\u00e3.<\/p>\n","protected":false},"author":83,"featured_media":0,"comment_status":"open","ping_status":"open","sticky":false,"template":"","format":"standard","meta":{"site-sidebar-layout":"default","site-content-layout":"default","ast-global-header-display":"","ast-banner-title-visibility":"","ast-main-header-display":"","ast-hfb-above-header-display":"","ast-hfb-below-header-display":"","ast-hfb-mobile-header-display":"","site-post-title":"","ast-breadcrumbs-content":"","ast-featured-img":"","footer-sml-layout":"","theme-transparent-header-meta":"","adv-header-id-meta":"","stick-header-meta":"","header-above-stick-meta":"","header-main-stick-meta":"","header-below-stick-meta":""},"categories":[1654],"tags":[],"acf":[],"_links":{"self":[{"href":"https:\/\/www.cnbb.org.br\/cnbb-app\/wp\/v2\/posts\/18301"}],"collection":[{"href":"https:\/\/www.cnbb.org.br\/cnbb-app\/wp\/v2\/posts"}],"about":[{"href":"https:\/\/www.cnbb.org.br\/cnbb-app\/wp\/v2\/types\/post"}],"author":[{"embeddable":true,"href":"https:\/\/www.cnbb.org.br\/cnbb-app\/wp\/v2\/users\/83"}],"replies":[{"embeddable":true,"href":"https:\/\/www.cnbb.org.br\/cnbb-app\/wp\/v2\/comments?post=18301"}],"version-history":[{"count":0,"href":"https:\/\/www.cnbb.org.br\/cnbb-app\/wp\/v2\/posts\/18301\/revisions"}],"wp:attachment":[{"href":"https:\/\/www.cnbb.org.br\/cnbb-app\/wp\/v2\/media?parent=18301"}],"wp:term":[{"taxonomy":"category","embeddable":true,"href":"https:\/\/www.cnbb.org.br\/cnbb-app\/wp\/v2\/categories?post=18301"},{"taxonomy":"post_tag","embeddable":true,"href":"https:\/\/www.cnbb.org.br\/cnbb-app\/wp\/v2\/tags?post=18301"}],"curies":[{"name":"wp","href":"https:\/\/api.w.org\/{rel}","templated":true}]}}