{"id":18314,"date":"2011-12-12T00:00:00","date_gmt":"2011-12-12T02:00:00","guid":{"rendered":"https:\/\/www.cnbb.org.br\/papa-envia-mensagem-em-homenagem-ao-cardeal-foley\/"},"modified":"2020-03-11T19:58:16","modified_gmt":"2020-03-11T22:58:16","slug":"papa-envia-mensagem-em-homenagem-ao-cardeal-foley","status":"publish","type":"post","link":"https:\/\/www.cnbb.org.br\/papa-envia-mensagem-em-homenagem-ao-cardeal-foley\/","title":{"rendered":"Papa envia mensagem em homenagem ao Cardeal Foley"},"content":{"rendered":"<p style=\"text-align: justify\">O Papa Bento XVI enviou, na manh\u00e3 desta segunda-feira, uma mensagem em virtude da morte, no domingo, do Cardeal John Patrick Foley, Gr\u00e3o-Mestre Em\u00e9rito da Ordem Equestre do Santo Sepulcro de Jerusal\u00e9m.<\/p>\n<p><!--more--><\/p>\n<p style=\"text-align: justify\">No texto, em ingl\u00eas, Bento XVI enaltece o trabalho de Cardeal Foley na Arquidiocese de Filad\u00e9lfia, nos Estados Unidos, assim como o distinto papel ocupado por Cardeal Foley como Presidente do Pontif\u00edcio Conselho para as Comunica\u00e7\u00f5es Sociais e, mais recentemente, os esfor\u00e7os de Cardeal Foley em prol das comunidades crist\u00e3s na Terra Santa. No final do telegrama, o Papa reza para que o compromisso de Cardeal Foley de que a Igreja estivesse presente nos meios de comunica\u00e7\u00e3o inspire outros a seguir esse apostolado de proclama\u00e7\u00e3o do Evangelho e progresso da nova evangeliza\u00e7\u00e3o.<\/p>\n<p style=\"text-align: justify\">O Cardeal John Patrick Foley faleceu na manh\u00e3 do domingo, 11 de dezembro, em Filad\u00e9lfia, EUA, aos 76 anos. H\u00e1 algum tempo, j\u00e1 doente de leucemia, retornou \u00e0 sua diocese de origem, onde residia em uma casa do clero para idosos. Ordenado sacerdote em 1962, foi chamado a Roma por Jo\u00e3o Paulo II em 1984 para ser Presidente do Pontif\u00edcio Conselho das Comunica\u00e7\u00f5es Sociais, do Centro Televisivo Vaticano e da Filmoteca Vaticana. Em 2007, Bento XVI o fez cardeal, nomeando-o Gr\u00e3o-mestre da Ordem equestre do Santo Sepulcro de Jerusal\u00e9m. Deixou este cargo em 2010, ao adoecer.<\/p>\n<p>O Diretor da Sala de Imprensa da Santa S\u00e9, Padre Federico Lombardi, fez \u00e0 Radio Vaticano um retrato deste \u2018servidor da comunica\u00e7\u00e3o\u2019: \u201cEstou muito tocado pessoalmente, mas ao mesmo tempo, em paz. Sua morte n\u00e3o \u00e9 inesperada. Retornou a seu pa\u00eds porque sabia que esta seria a \u00faltima etapa de sua vida. O Cardeal Foley era muito conhecido e admirado por sua gentileza e espiritualidade\u201d<\/p>\n<p>A respeito do papel que o cardeal desempenhou no mundo das comunica\u00e7\u00f5es na Igreja do p\u00f3s-Conc\u00edlio Vaticano II, Pe. Lombardi assim o descreve: \u201cDom John Foley foi por muito tempo Presidente do Pontif\u00edcio Conselho das Comunica\u00e7\u00f5es Sociais, e, portanto, teve um papel espec\u00edfico no \u00e2mbito da C\u00faria romana e na Igreja universal: a aten\u00e7\u00e3o competente para entender e explicar como funciona o mundo das comunica\u00e7\u00f5es sociais a todos os seus membros. Ele era muito preparado tamb\u00e9m do ponto de vista pessoal, pois desde os tempos de jovem sacerdote, se encarregou das publica\u00e7\u00f5es e dos meios de comunica\u00e7\u00e3o de sua diocese\u201d.<\/p>\n<p>\u201cCom sua compet\u00eancia, ele participou de in\u00fameros encontros e esteve em v\u00e1rias confer\u00eancias episcopais, congressos, lugares onde o mundo da comunica\u00e7\u00e3o se encontrava e refletia, levando uma palavra de cordialidade e de orienta\u00e7\u00e3o por parte da Igreja. Ele se sentia colega e amigo de todos os que trabalhavam neste campo. Somos muito ligados e gratos a ele\u201d.<\/p>\n<p>\u201cTenho aqui na minha frente uma carta que me enviou h\u00e1 poucos dias, agradecendo por ter-lhe enviado os dois volumes da Hist\u00f3ria da R\u00e1dio Vaticana, que acabamos de publicar. Ele encorajava nosso trabalho, de todo cora\u00e7\u00e3o\u201d.<\/p>\n","protected":false},"excerpt":{"rendered":"<p>O Papa Bento XVI enviou, na manh\u00e3 desta segunda-feira, uma mensagem em virtude da morte, no domingo, do Cardeal John Patrick Foley, Gr\u00e3o-Mestre Em\u00e9rito da Ordem Equestre do Santo Sepulcro de Jerusal\u00e9m.<\/p>\n","protected":false},"author":83,"featured_media":18315,"comment_status":"open","ping_status":"open","sticky":false,"template":"","format":"standard","meta":{"site-sidebar-layout":"default","site-content-layout":"default","ast-global-header-display":"","ast-banner-title-visibility":"","ast-main-header-display":"","ast-hfb-above-header-display":"","ast-hfb-below-header-display":"","ast-hfb-mobile-header-display":"","site-post-title":"","ast-breadcrumbs-content":"","ast-featured-img":"","footer-sml-layout":"","theme-transparent-header-meta":"","adv-header-id-meta":"","stick-header-meta":"","header-above-stick-meta":"","header-main-stick-meta":"","header-below-stick-meta":""},"categories":[1654],"tags":[],"acf":[],"_links":{"self":[{"href":"https:\/\/www.cnbb.org.br\/cnbb-app\/wp\/v2\/posts\/18314"}],"collection":[{"href":"https:\/\/www.cnbb.org.br\/cnbb-app\/wp\/v2\/posts"}],"about":[{"href":"https:\/\/www.cnbb.org.br\/cnbb-app\/wp\/v2\/types\/post"}],"author":[{"embeddable":true,"href":"https:\/\/www.cnbb.org.br\/cnbb-app\/wp\/v2\/users\/83"}],"replies":[{"embeddable":true,"href":"https:\/\/www.cnbb.org.br\/cnbb-app\/wp\/v2\/comments?post=18314"}],"version-history":[{"count":0,"href":"https:\/\/www.cnbb.org.br\/cnbb-app\/wp\/v2\/posts\/18314\/revisions"}],"wp:featuredmedia":[{"embeddable":true,"href":"https:\/\/www.cnbb.org.br\/cnbb-app\/wp\/v2\/media\/18315"}],"wp:attachment":[{"href":"https:\/\/www.cnbb.org.br\/cnbb-app\/wp\/v2\/media?parent=18314"}],"wp:term":[{"taxonomy":"category","embeddable":true,"href":"https:\/\/www.cnbb.org.br\/cnbb-app\/wp\/v2\/categories?post=18314"},{"taxonomy":"post_tag","embeddable":true,"href":"https:\/\/www.cnbb.org.br\/cnbb-app\/wp\/v2\/tags?post=18314"}],"curies":[{"name":"wp","href":"https:\/\/api.w.org\/{rel}","templated":true}]}}