{"id":18328,"date":"2012-08-27T00:00:00","date_gmt":"2012-08-27T03:00:00","guid":{"rendered":"https:\/\/www.cnbb.org.br\/igreja-lembra-os-13-anos-de-morte-de-dom-helder-camara\/"},"modified":"2020-03-11T19:58:14","modified_gmt":"2020-03-11T22:58:14","slug":"igreja-lembra-os-13-anos-de-morte-de-dom-helder-camara","status":"publish","type":"post","link":"https:\/\/www.cnbb.org.br\/igreja-lembra-os-13-anos-de-morte-de-dom-helder-camara\/","title":{"rendered":"Igreja lembra os 13 anos de morte de dom Helder C\u00e2mara"},"content":{"rendered":"<p style=\"text-align: justify\">H\u00e1 13 anos, a Igreja Cat\u00f3lica perdia um de seus maiores l\u00edderes, o arcebispo em\u00e9rito de Olinda e Recife, dom Helder C\u00e2mara. Mais que uma lideran\u00e7a religiosa, dom Helder era refer\u00eancia na luta pela paz e pela justi\u00e7a social; seus exemplos e palavras foram perpetuados at\u00e9 hoje. Em homenagem \u00e0 sua mem\u00f3ria, hoje, 27 de agosto, dom Helder ter\u00e1 seus restos mortais trasladados para uma capela especialmente projetada para receb\u00ea-los na Igreja da S\u00e9, em Olinda. At\u00e9 ent\u00e3o, os restos mortais de dom Helder estavam guardados em um t\u00famulo provis\u00f3rio em frente ao altar da Igreja da S\u00e9.<\/p>\n<p><!--more--><\/p>\n<p style=\"text-align: justify\">Junto deles, ser\u00e3o colocados tamb\u00e9m os despojos do padre Ant\u00f4nio Henrique Pereira Neto e de dom Jos\u00e9 Lamartine, ambos amigos do arcebispo. Padre Ant\u00f4nio Henrique foi assessor da Pastoral da Juventude durante o pastoreio de dom Helder e dom Jos\u00e9 Lamartine, bispo auxiliar. A cerim\u00f4nia ser\u00e1 presidida \u00e0s 9h pelo arcebispo de Olinda e Recife, dom Fernando Saburido.<\/p>\n<p style=\"text-align: justify\">O site \u2018Pernambuco\u2019 informa que dom Jos\u00e9 Lamartine est\u00e1 enterrado em uma esp\u00e9cie de cemit\u00e9rio, localizado atr\u00e1s da Igreja da S\u00e9. J\u00e1 o padre Ant\u00f4nio Henrique est\u00e1 sepultado no cemit\u00e9rio da V\u00e1rzea, na Zona Oeste do Recife.<\/p>\n<p style=\"text-align: justify\">O trabalho de dom H\u00e9lder \u00e9 conhecido em todo o mundo. Ele foi arcebispo de Olinda e Recife e tamb\u00e9m desempenhou fun\u00e7\u00f5es em organiza\u00e7\u00f5es n\u00e3o-governamentais, movimentos estudantis e oper\u00e1rios, ligas comunit\u00e1rias contra a fome e a mis\u00e9ria. Sofreu retalia\u00e7\u00f5es e persegui\u00e7\u00f5es por parte das autoridades do regime militar brasileiro.<\/p>\n<p style=\"text-align: justify\">A Igreja das Fronteiras, bairro da Boa Vista, ficou cheia de fi\u00e9is e emo\u00e7\u00e3o na manh\u00e3 deste domingo, 26. \u00c0s 11h, o padre Sebasti\u00e3o S\u00e1, celebrou missa em homenagem a dom Helder C\u00e2mara, dando prosseguimento \u00e0 programa\u00e7\u00e3o que decorre desde a \u00faltima sexta-feira, para lembrar o anivers\u00e1rio da morte do arcebispo. O local foi escolhido porque l\u00e1 dom Helder viveu os seus \u00faltimos dias, at\u00e9 falecer, em 27 de agosto de 1999.<\/p>\n<p style=\"text-align: justify\">Padre Ant\u00f4nio Henrique foi torturado e assassinado em 1969, durante o regime militar. O crime est\u00e1 impune at\u00e9 hoje, mas ganhou prioridade nas investiga\u00e7\u00f5es da Comiss\u00e3o Estadual da Mem\u00f3ria e Verdade. O sacerdote \u00e9 tido como &#8220;M\u00e1rtir da Juventude da Arquidiocese de Olinda e Recife&#8221;.<\/p>\n","protected":false},"excerpt":{"rendered":"<p>H\u00e1 13 anos, a Igreja Cat\u00f3lica perdia um de seus maiores l\u00edderes, o arcebispo em\u00e9rito de Olinda e Recife, dom Helder C\u00e2mara. Mais que uma lideran\u00e7a religiosa, dom Helder era refer\u00eancia na luta pela paz e pela justi\u00e7a social; seus exemplos e palavras foram perpetuados at\u00e9 hoje. Em homenagem \u00e0 sua mem\u00f3ria, hoje, 27 de &hellip;<\/p>\n<p class=\"read-more\"> <a class=\"\" href=\"https:\/\/www.cnbb.org.br\/igreja-lembra-os-13-anos-de-morte-de-dom-helder-camara\/\"> <span class=\"screen-reader-text\">Igreja lembra os 13 anos de morte de dom Helder C\u00e2mara<\/span> Leia mais &raquo;<\/a><\/p>\n","protected":false},"author":83,"featured_media":18329,"comment_status":"open","ping_status":"open","sticky":false,"template":"","format":"standard","meta":{"site-sidebar-layout":"default","site-content-layout":"default","ast-global-header-display":"","ast-banner-title-visibility":"","ast-main-header-display":"","ast-hfb-above-header-display":"","ast-hfb-below-header-display":"","ast-hfb-mobile-header-display":"","site-post-title":"","ast-breadcrumbs-content":"","ast-featured-img":"","footer-sml-layout":"","theme-transparent-header-meta":"","adv-header-id-meta":"","stick-header-meta":"","header-above-stick-meta":"","header-main-stick-meta":"","header-below-stick-meta":""},"categories":[1654],"tags":[],"acf":[],"_links":{"self":[{"href":"https:\/\/www.cnbb.org.br\/cnbb-app\/wp\/v2\/posts\/18328"}],"collection":[{"href":"https:\/\/www.cnbb.org.br\/cnbb-app\/wp\/v2\/posts"}],"about":[{"href":"https:\/\/www.cnbb.org.br\/cnbb-app\/wp\/v2\/types\/post"}],"author":[{"embeddable":true,"href":"https:\/\/www.cnbb.org.br\/cnbb-app\/wp\/v2\/users\/83"}],"replies":[{"embeddable":true,"href":"https:\/\/www.cnbb.org.br\/cnbb-app\/wp\/v2\/comments?post=18328"}],"version-history":[{"count":0,"href":"https:\/\/www.cnbb.org.br\/cnbb-app\/wp\/v2\/posts\/18328\/revisions"}],"wp:featuredmedia":[{"embeddable":true,"href":"https:\/\/www.cnbb.org.br\/cnbb-app\/wp\/v2\/media\/18329"}],"wp:attachment":[{"href":"https:\/\/www.cnbb.org.br\/cnbb-app\/wp\/v2\/media?parent=18328"}],"wp:term":[{"taxonomy":"category","embeddable":true,"href":"https:\/\/www.cnbb.org.br\/cnbb-app\/wp\/v2\/categories?post=18328"},{"taxonomy":"post_tag","embeddable":true,"href":"https:\/\/www.cnbb.org.br\/cnbb-app\/wp\/v2\/tags?post=18328"}],"curies":[{"name":"wp","href":"https:\/\/api.w.org\/{rel}","templated":true}]}}