{"id":18330,"date":"2012-09-21T00:00:00","date_gmt":"2012-09-21T03:00:00","guid":{"rendered":"https:\/\/www.cnbb.org.br\/cardeal-jose-freire-falcao-recebe-homenagem-em-brasilia\/"},"modified":"2020-03-11T19:58:14","modified_gmt":"2020-03-11T22:58:14","slug":"cardeal-jose-freire-falcao-recebe-homenagem-em-brasilia","status":"publish","type":"post","link":"https:\/\/www.cnbb.org.br\/cardeal-jose-freire-falcao-recebe-homenagem-em-brasilia\/","title":{"rendered":"Cardeal Jos\u00e9 Freire Falc\u00e3o recebe homenagem em Bras\u00edlia"},"content":{"rendered":"<p style=\"text-align: justify\">O Centro de Estudos Filos\u00f3ficos e Teol\u00f3gicos do Semin\u00e1rio \u201cRedemptoris Mater\u201d, de Bras\u00edlia, realizar\u00e1 uma homenagem ao cardeal dom Jos\u00e9 Freire Falc\u00e3o, arcebispo em\u00e9rito de Bras\u00edlia, no dia 17 de outubro. O ato oficial consistir\u00e1 na inaugura\u00e7\u00e3o da Biblioteca que levar\u00e1 o seu nome.<\/p>\n<p><!--more--><\/p>\n<p style=\"text-align: justify\">Em fevereiro de 1995, por vontade de Dom Falc\u00e3o, ent\u00e3o Arcebispo de Bras\u00edlia, foi fundado o Centro de Estudos Filos\u00f3fico \u2013 Teol\u00f3gicos \u201cRedemptoris Mater\u201d. Naquele ano deu-se in\u00edcio ao curso de Filosofia e, em 1997, foi institu\u00eddo o curso de Teologia.<\/p>\n<p style=\"text-align: justify\">O processo de afilia\u00e7\u00e3o \u00e0 Pontif\u00edcia Universidade Lateranense, que concluiu com o reconhecimento por parte da Sagrada Congrega\u00e7\u00e3o para a Educa\u00e7\u00e3o Cat\u00f3lica com decreto de 22 de agosto de 2012, incentivou ainda mais o interesse de um projeto de reforma e amplia\u00e7\u00e3o do fundo bibliogr\u00e1fico da biblioteca do Centro de Estudos.<\/p>\n<p style=\"text-align: justify\">O projeto total da reforma incluiu a instala\u00e7\u00e3o das novas prateleiras e a pintura do andar inferior e superior, a renova\u00e7\u00e3o dos equipamentos inform\u00e1ticos para o uso de consulta, a aquisi\u00e7\u00e3o de grandes cole\u00e7\u00f5es como \u201cActa Apostolicae Sedis\u201d e &#8220;Sources Chretiens\u201d (uma obra de 595 volumes que compilam os escritos de todos os Padres da Igreja), o aumento do acervo com compras a editoriais brasileiras\u00a0 e estrangeiras, e a atualiza\u00e7\u00e3o do sistema inform\u00e1tico Pergamum.<\/p>\n<p style=\"text-align: justify\">O Centro de Estudos iniciou uma campanha entre benfeitores, empres\u00e1rios e amigos para colaborar com\u00a0 doa\u00e7\u00f5es. Desse modo, \u201caquilo que se pretende \u00e9 fazer um novo empreendimento na pesquisa filos\u00f3fica \u2013 teol\u00f3gica e na forma\u00e7\u00e3o dos fi\u00e9is como premissas fundamentais para uma nova evangeliza\u00e7\u00e3o\u201d, afirmou o Pe. Javier Romero, Decano do Centro de Estudos \u201cRedemptoris Mater\u201d.<\/p>\n<p style=\"text-align: justify\">\u201cA inaugura\u00e7\u00e3o da Biblioteca Cardeal Jos\u00e9 Freire Falc\u00e3o nos faz refletir sobre a import\u00e2ncia de uma biblioteca de alta qualidade para os estudos filos\u00f3ficos e teol\u00f3gicos, orientada tanto aos professores como aos alunos, e ao mesmo tempo um reconhecimento ao Cardeal fundador da nossa Institui\u00e7\u00e3o. Uma biblioteca n\u00e3o se constr\u00f3i em um s\u00f3 dia e, nesse sentido, ela \u00e9 a express\u00e3o de uma vida dedicada \u00e0 educa\u00e7\u00e3o e \u00e0 pesquisa. Precisamos de todos para seguir crescendo e oferecendo este servi\u00e7o \u00e0 Igreja\u201d, concluiu o Pe. Javier Romero.<\/p>\n<p style=\"text-align: justify\">Al\u00e9m do homenageado, Cardeal Jos\u00e9 Freire Falc\u00e3o, no ato oficial do dia 17 de outubro estar\u00e3o tamb\u00e9m presentes autoridades do mundo eclesial como Dom Giovanni d&#8217;Aniello, N\u00fancio Apost\u00f3lico no Brasil.<\/p>\n","protected":false},"excerpt":{"rendered":"<p>O Centro de Estudos Filos\u00f3ficos e Teol\u00f3gicos do Semin\u00e1rio \u201cRedemptoris Mater\u201d, de Bras\u00edlia, realizar\u00e1 uma homenagem ao cardeal dom Jos\u00e9 Freire Falc\u00e3o, arcebispo em\u00e9rito de Bras\u00edlia, no dia 17 de outubro. O ato oficial consistir\u00e1 na inaugura\u00e7\u00e3o da Biblioteca que levar\u00e1 o seu nome.<\/p>\n","protected":false},"author":83,"featured_media":18331,"comment_status":"open","ping_status":"open","sticky":false,"template":"","format":"standard","meta":{"site-sidebar-layout":"default","site-content-layout":"default","ast-global-header-display":"","ast-banner-title-visibility":"","ast-main-header-display":"","ast-hfb-above-header-display":"","ast-hfb-below-header-display":"","ast-hfb-mobile-header-display":"","site-post-title":"","ast-breadcrumbs-content":"","ast-featured-img":"","footer-sml-layout":"","theme-transparent-header-meta":"","adv-header-id-meta":"","stick-header-meta":"","header-above-stick-meta":"","header-main-stick-meta":"","header-below-stick-meta":""},"categories":[1654],"tags":[],"acf":[],"_links":{"self":[{"href":"https:\/\/www.cnbb.org.br\/cnbb-app\/wp\/v2\/posts\/18330"}],"collection":[{"href":"https:\/\/www.cnbb.org.br\/cnbb-app\/wp\/v2\/posts"}],"about":[{"href":"https:\/\/www.cnbb.org.br\/cnbb-app\/wp\/v2\/types\/post"}],"author":[{"embeddable":true,"href":"https:\/\/www.cnbb.org.br\/cnbb-app\/wp\/v2\/users\/83"}],"replies":[{"embeddable":true,"href":"https:\/\/www.cnbb.org.br\/cnbb-app\/wp\/v2\/comments?post=18330"}],"version-history":[{"count":0,"href":"https:\/\/www.cnbb.org.br\/cnbb-app\/wp\/v2\/posts\/18330\/revisions"}],"wp:featuredmedia":[{"embeddable":true,"href":"https:\/\/www.cnbb.org.br\/cnbb-app\/wp\/v2\/media\/18331"}],"wp:attachment":[{"href":"https:\/\/www.cnbb.org.br\/cnbb-app\/wp\/v2\/media?parent=18330"}],"wp:term":[{"taxonomy":"category","embeddable":true,"href":"https:\/\/www.cnbb.org.br\/cnbb-app\/wp\/v2\/categories?post=18330"},{"taxonomy":"post_tag","embeddable":true,"href":"https:\/\/www.cnbb.org.br\/cnbb-app\/wp\/v2\/tags?post=18330"}],"curies":[{"name":"wp","href":"https:\/\/api.w.org\/{rel}","templated":true}]}}