{"id":18332,"date":"2012-10-09T00:00:00","date_gmt":"2012-10-09T03:00:00","guid":{"rendered":"https:\/\/www.cnbb.org.br\/arquidiocese-de-curitiba-abriu-o-mes-missionario-com-missa-e-homenagem-a-santa-terezinha-a-padroeira-das-missoes\/"},"modified":"2020-03-11T19:58:14","modified_gmt":"2020-03-11T22:58:14","slug":"arquidiocese-de-curitiba-abriu-o-mes-missionario-com-missa-e-homenagem-a-santa-terezinha-a-padroeira-das-missoes","status":"publish","type":"post","link":"https:\/\/www.cnbb.org.br\/arquidiocese-de-curitiba-abriu-o-mes-missionario-com-missa-e-homenagem-a-santa-terezinha-a-padroeira-das-missoes\/","title":{"rendered":"Arquidiocese de Curitiba abriu o M\u00eas Mission\u00e1rio com Missa e homenagem a Santa Terezinha, a padroeira das miss\u00f5es"},"content":{"rendered":"<div style=\"text-align: justify\"><\/div>\n<div style=\"text-align: justify\">A abertura do M\u00eas Mission\u00e1rio na Arquidiocese de Curitiba ocorreu neste \u00faltimo s\u00e1bado, dia 6 de outubro, com a Santa Missa no Santu\u00e1rio S\u00e3o Jos\u00e9, do Cap\u00e3o Raso. A Missa foi presidida por Dom Rafael Biernaski, bispo auxiliar da Arquidiocese.<\/div>\n<div style=\"text-align: justify\"><\/div>\n<p><!--more--><\/p>\n<div style=\"text-align: justify\">\nDom Rafael ressaltou em sua homilia o significado do ser disc\u00edpulo mission\u00e1rio nos dias de hoje. &#8220;Devemos levar \u00e0s pessoas a vida de Jesus e o amor de Deus; aonde quer que vamos precisamos ser Igreja viva&#8221;. Durante a homilia, o bispo convidou \u00e0 frente o coordenador arquidiocesano do Conselho Mission\u00e1rio Arquidiocesano, o senhor Odaril Jos\u00e9 da Rosa, para contar um pouco do trabalho do COMIDI em Curitiba e regi\u00e3o.<\/p>\n<p>Ao final da Missa, uma apresenta\u00e7\u00e3o teatral de bonecos fechou a celebra\u00e7\u00e3o com a hist\u00f3ria de Santa Terezinha, a padroeira das miss\u00f5es, para os pequenos mission\u00e1rios presentes na igreja. As crian\u00e7as puderam conhecer sobre a vida da santa que dedicou cada ato seu ao servi\u00e7o de Deus e em favor da evangeliza\u00e7\u00e3o dos povos, com seu pr\u00f3prio testemunho.<\/p>\n<p>Santa Teresinha do Menino Jesus \u00e9 festejada em 1\u00b0 de outubro, juntamente a S\u00e3o Francisco Xavier, padroeiros da miss\u00f5es. A data marca o in\u00edcio do M\u00eas Mission\u00e1rio. Este m\u00eas tem como \u00e1pice a celebra\u00e7\u00e3o do Dia Mundial das Miss\u00f5es no pen\u00faltimo domingo de outubro, este ano em 21 de outubro.<\/p>\n<p>Outubro foi escolhido como o M\u00eas Mission\u00e1rio para recordar a chegada ao continente americano dos europeus, que abriu uma nova p\u00e1gina na hist\u00f3ria da evangeliza\u00e7\u00e3o.<\/p><\/div>\n","protected":false},"excerpt":{"rendered":"<p>A abertura do M\u00eas Mission\u00e1rio na Arquidiocese de Curitiba ocorreu neste \u00faltimo s\u00e1bado, dia 6 de outubro, com a Santa Missa no Santu\u00e1rio S\u00e3o Jos\u00e9, do Cap\u00e3o Raso. A Missa foi presidida por Dom Rafael Biernaski, bispo auxiliar da Arquidiocese.<\/p>\n","protected":false},"author":83,"featured_media":18333,"comment_status":"open","ping_status":"open","sticky":false,"template":"","format":"standard","meta":{"site-sidebar-layout":"default","site-content-layout":"default","ast-global-header-display":"","ast-banner-title-visibility":"","ast-main-header-display":"","ast-hfb-above-header-display":"","ast-hfb-below-header-display":"","ast-hfb-mobile-header-display":"","site-post-title":"","ast-breadcrumbs-content":"","ast-featured-img":"","footer-sml-layout":"","theme-transparent-header-meta":"","adv-header-id-meta":"","stick-header-meta":"","header-above-stick-meta":"","header-main-stick-meta":"","header-below-stick-meta":""},"categories":[1654],"tags":[],"acf":[],"_links":{"self":[{"href":"https:\/\/www.cnbb.org.br\/cnbb-app\/wp\/v2\/posts\/18332"}],"collection":[{"href":"https:\/\/www.cnbb.org.br\/cnbb-app\/wp\/v2\/posts"}],"about":[{"href":"https:\/\/www.cnbb.org.br\/cnbb-app\/wp\/v2\/types\/post"}],"author":[{"embeddable":true,"href":"https:\/\/www.cnbb.org.br\/cnbb-app\/wp\/v2\/users\/83"}],"replies":[{"embeddable":true,"href":"https:\/\/www.cnbb.org.br\/cnbb-app\/wp\/v2\/comments?post=18332"}],"version-history":[{"count":0,"href":"https:\/\/www.cnbb.org.br\/cnbb-app\/wp\/v2\/posts\/18332\/revisions"}],"wp:featuredmedia":[{"embeddable":true,"href":"https:\/\/www.cnbb.org.br\/cnbb-app\/wp\/v2\/media\/18333"}],"wp:attachment":[{"href":"https:\/\/www.cnbb.org.br\/cnbb-app\/wp\/v2\/media?parent=18332"}],"wp:term":[{"taxonomy":"category","embeddable":true,"href":"https:\/\/www.cnbb.org.br\/cnbb-app\/wp\/v2\/categories?post=18332"},{"taxonomy":"post_tag","embeddable":true,"href":"https:\/\/www.cnbb.org.br\/cnbb-app\/wp\/v2\/tags?post=18332"}],"curies":[{"name":"wp","href":"https:\/\/api.w.org\/{rel}","templated":true}]}}