{"id":18355,"date":"2015-01-29T00:00:00","date_gmt":"2015-01-29T02:00:00","guid":{"rendered":"https:\/\/www.cnbb.org.br\/dom-mauro-morelli-celebra-40-anos-de-vida-episcopal\/"},"modified":"2020-03-11T19:58:11","modified_gmt":"2020-03-11T22:58:11","slug":"dom-mauro-morelli-celebra-40-anos-de-vida-episcopal","status":"publish","type":"post","link":"https:\/\/www.cnbb.org.br\/dom-mauro-morelli-celebra-40-anos-de-vida-episcopal\/","title":{"rendered":"Dom Mauro Morelli celebra 40 anos de vida episcopal"},"content":{"rendered":"<p style=\"text-align: justify\" align=\"center\"><span style=\"font-size: 12.1599998474121px;line-height: 1.3em\">\u201cEu vim a esta casa porque n\u00f3s crist\u00e3os aprendemos de Maria a ouvir a palavra de Deus, a acolh\u00ea-la, se colocar a caminho, vivendo a experi\u00eancia e o servi\u00e7o do Reino de Deus\u201d, expressou o bispo em\u00e9rito de Duque de Caxias (RJ), dom Mauro Morelli, em celebra\u00e7\u00e3o no Santu\u00e1rio Nacional de Aparecida (SP). A cerim\u00f4nia foi realizada no dia 24 de janeiro, marcando as festividades dos 40 anos de vida episcopal de dom Mauro.<\/span><\/p>\n<p><!--more--><\/p>\n<p style=\"text-align: justify\" align=\"center\"><span style=\"font-size: 12.1599998474121px;line-height: 1.3em\">Centenas de fi\u00e9is, sacerdotes, religiosos foram ao Santu\u00e1rio para prestar homenagens ao bispo. Participaram da celebra\u00e7\u00e3o os bispos, dom Jo\u00e3o Maria Messi, em\u00e9rito de Barra do Pira\u00ed-Volta Redonda, dom Jos\u00e9 Francisco, arcebispo metropolitano de Niter\u00f3i e dom Tarc\u00edsio Nascentes dos Santos, bispo de Duque de Caxias.<\/span><\/p>\n<p style=\"text-align: justify\"><strong style=\"font-size: 12.1599998474121px;line-height: 1.3em\"><br \/>\nTrajet\u00f3ria e miss\u00e3o<\/strong><\/p>\n<p style=\"text-align: justify\"><span style=\"font-size: 12.1599998474121px;line-height: 1.3em\">Dom Mauro foi ordenado sacerdote em 28 de abril de 1965 e nomeado bispo auxiliar de S\u00e3o Paulo, no dia 25 de janeiro de 1965, pelo papa Paulo VI. Escolheu por lema \u201cVem, Senhor Jesus!\u201d. Durante sua trajet\u00f3ria no episcopado, foi vig\u00e1rio geral da arquidiocese de S\u00e3o Paulo (1975-1981) e membro da Comiss\u00e3o Representativa da Confer\u00eancia Nacional dos Bispos do Brasil <strong><img decoding=\"async\" loading=\"lazy\" class=\" alignright size-full wp-image-24672\" style=\"float: right\" src=\"https:\/\/www.cnbb.org.br\/wp-content\/uploads\/2020\/03\/dom-mauro-40-anos.jpg\" width=\"230\" height=\"218\" border=\"0\" \/><\/strong>(CNBB). Exerceu o bispado em Duque de Caxias de 1981 a 2005, quando pediu a ren\u00fancia do minist\u00e9rio.<\/span><\/p>\n<p style=\"text-align: justify\"><span style=\"font-size: 12.1599998474121px;line-height: 1.3em\">Atualmente, dom Mauro Morelli est\u00e1 envolvido com atividades de Seguran\u00e7a Alimentar Nutricional. \u00c9 fundador do Instituto Harpia Harpyia \u2013 Ag\u00eancia de Defesa e Promo\u00e7\u00e3o do Direito ao Alimento e \u00e0 Nutri\u00e7\u00e3o. Desde 2005, dedica-se \u00e0 causa da seguran\u00e7a alimentar no Brasil. Em 2014, dom Mauro foi homenageado pelo Senado Federal com a Comenda Dom H\u00e9lder C\u00e2mara, pelos trabalhos prestados em defesa da vida.<\/span><\/p>\n<p style=\"text-align: justify\"><span style=\"font-size: 12.1599998474121px;line-height: 1.3em\">Em seu discurso, dom Mauro defendeu a amplia\u00e7\u00e3o do Programa Nacional de Alimenta\u00e7\u00e3o Escolar e disse imaginar um pa\u00eds com educa\u00e7\u00e3o e nutri\u00e7\u00e3o. \u201cSinto que o Brasil precisa se desenvolver de baixo para cima. Um povo saud\u00e1vel e inteligente e participativo \u00e9 fundamental para a democracia\u201d afirmou.<\/span><\/p>\n<p style=\"text-align: justify\"><em style=\"font-size: 12.1599998474121px;line-height: 1.3em\">Com colabora\u00e7\u00e3o da Assessoria de Comunica\u00e7\u00e3o da diocese de Duque de Caxias (RJ).\u00a0<\/em><\/p>\n<p>&nbsp;<\/p>\n<p><strong style=\"font-size: 12.1599998474121px;line-height: 1.3em;text-align: justify\">\u00a0<\/strong><\/p>\n","protected":false},"excerpt":{"rendered":"<p>\u201cEu vim a esta casa porque n\u00f3s crist\u00e3os aprendemos de Maria a ouvir a palavra de Deus, a acolh\u00ea-la, se colocar a caminho, vivendo a experi\u00eancia e o servi\u00e7o do Reino de Deus\u201d, expressou o bispo em\u00e9rito de Duque de Caxias (RJ), dom Mauro Morelli, em celebra\u00e7\u00e3o no Santu\u00e1rio Nacional de Aparecida (SP). A cerim\u00f4nia &hellip;<\/p>\n<p class=\"read-more\"> <a class=\"\" href=\"https:\/\/www.cnbb.org.br\/dom-mauro-morelli-celebra-40-anos-de-vida-episcopal\/\"> <span class=\"screen-reader-text\">Dom Mauro Morelli celebra 40 anos de vida episcopal<\/span> Leia mais &raquo;<\/a><\/p>\n","protected":false},"author":83,"featured_media":18356,"comment_status":"open","ping_status":"open","sticky":false,"template":"","format":"standard","meta":{"site-sidebar-layout":"default","site-content-layout":"default","ast-global-header-display":"","ast-banner-title-visibility":"","ast-main-header-display":"","ast-hfb-above-header-display":"","ast-hfb-below-header-display":"","ast-hfb-mobile-header-display":"","site-post-title":"","ast-breadcrumbs-content":"","ast-featured-img":"","footer-sml-layout":"","theme-transparent-header-meta":"","adv-header-id-meta":"","stick-header-meta":"","header-above-stick-meta":"","header-main-stick-meta":"","header-below-stick-meta":""},"categories":[1654],"tags":[],"acf":[],"_links":{"self":[{"href":"https:\/\/www.cnbb.org.br\/cnbb-app\/wp\/v2\/posts\/18355"}],"collection":[{"href":"https:\/\/www.cnbb.org.br\/cnbb-app\/wp\/v2\/posts"}],"about":[{"href":"https:\/\/www.cnbb.org.br\/cnbb-app\/wp\/v2\/types\/post"}],"author":[{"embeddable":true,"href":"https:\/\/www.cnbb.org.br\/cnbb-app\/wp\/v2\/users\/83"}],"replies":[{"embeddable":true,"href":"https:\/\/www.cnbb.org.br\/cnbb-app\/wp\/v2\/comments?post=18355"}],"version-history":[{"count":0,"href":"https:\/\/www.cnbb.org.br\/cnbb-app\/wp\/v2\/posts\/18355\/revisions"}],"wp:featuredmedia":[{"embeddable":true,"href":"https:\/\/www.cnbb.org.br\/cnbb-app\/wp\/v2\/media\/18356"}],"wp:attachment":[{"href":"https:\/\/www.cnbb.org.br\/cnbb-app\/wp\/v2\/media?parent=18355"}],"wp:term":[{"taxonomy":"category","embeddable":true,"href":"https:\/\/www.cnbb.org.br\/cnbb-app\/wp\/v2\/categories?post=18355"},{"taxonomy":"post_tag","embeddable":true,"href":"https:\/\/www.cnbb.org.br\/cnbb-app\/wp\/v2\/tags?post=18355"}],"curies":[{"name":"wp","href":"https:\/\/api.w.org\/{rel}","templated":true}]}}