{"id":18357,"date":"2015-02-23T00:00:00","date_gmt":"2015-02-23T03:00:00","guid":{"rendered":"https:\/\/www.cnbb.org.br\/romaria-em-homenagem-a-padre-ibiapina-reune-mais-de-20-mil-peregrinos\/"},"modified":"2020-03-11T19:58:10","modified_gmt":"2020-03-11T22:58:10","slug":"romaria-em-homenagem-a-padre-ibiapina-reune-mais-de-20-mil-peregrinos","status":"publish","type":"post","link":"https:\/\/www.cnbb.org.br\/romaria-em-homenagem-a-padre-ibiapina-reune-mais-de-20-mil-peregrinos\/","title":{"rendered":"Romaria presta homenagem a padre Ibiapina"},"content":{"rendered":"<p style=\"text-align: justify\"><span style=\"font-size: 12.1599998474121px;line-height: 1.3em\">A romaria ao Santu\u00e1rio de Santa F\u00e9, no munic\u00edpio de Sol\u00e2nea (PB), marcou os 132 anos do falecimento do padre Ibiapiana. O evento contou com a presen\u00e7a de aproximadamente 20 mil pessoas, na tarde de quinta-feira, 19.\u00a0<\/span><\/p>\n<p><!--more--><\/p>\n<p style=\"text-align: justify\"><span style=\"font-size: 12.1599998474121px;line-height: 1.3em\">Ao longo do dia aconteceram diversas celebra\u00e7\u00f5es em mem\u00f3ria ao sacerdote. O bispo de Guarabira (PB), dom Francisco de Assis Dantas de Lucena, presidiu uma missa ao final da tarde, da qual participaram mais de 30 padres da diocese e de v\u00e1rios outros estados nordestinos.<\/span><\/p>\n<p style=\"text-align: justify\">Ao lembrar o padre homenageado, dom Lucena assinalou que, &#8220;em momentos de grande seca, a mensagem de Ibiapina \u00e9 mais presente: a solidariedade para com os pobres e a necessidade de se preservar a natureza&#8221;.<\/p>\n<p style=\"text-align: justify\">Na opini\u00e3o do padre Cristiano Mufller, que viajou mais de 900 quil\u00f4metros\u00a0para participar da peregrina\u00e7\u00e3o, o padre Ibiapina foi um homem \u00e0 frente de seu tempo. \u201cEle compreendeu como poucos a mensagem do Evangelho, pois viveu com os pobres, os ajudou e ensinou a liberta\u00e7\u00e3o. Quando os pobres n\u00e3o tinham onde ser enterrados, pois os ricos eram sepultados nas Igrejas, fez mutir\u00f5es e construiu cemit\u00e9rios\u201d, lembrou. Padre Cristiano, atualmente residindo em Salvador, foi um dos fundadores da diocese de Guarabira, ao lado de dom Marcelo Carvalheira.<\/p>\n<p style=\"text-align: justify\"><strong>Biografia<\/strong><\/p>\n<p style=\"text-align: justify\">Ibiapina foi ordenado sacerdote aos 47 anos.\u00a0<span style=\"font-size: 12.1599998474121px;line-height: 1.3em\">Em 1866, foi nomeado Visitador Diocesano da Para\u00edba, com a tarefa de visitar e supervisionar as atividades da Igreja Cat\u00f3lica naquela prov\u00edncia.\u00a0<\/span><span style=\"font-size: 12.1599998474121px;line-height: 1.3em\">Foi ent\u00e3o que ele, aos 60 anos de idade, deixou sua carreira de professor para come\u00e7ar seu trabalho mission\u00e1rio, percorrendo mais de 600 km pelas prov\u00edncias do Piau\u00ed, Cear\u00e1, Rio Grande do Norte, Para\u00edba e Pernambuco. Sempre de batina, a p\u00e9 ou a cavalo, pregava, aconselhava e levava o conforto por meio da palavra para o povo sofrido do sert\u00e3o nordestino.<\/span><\/p>\n<p style=\"text-align: justify\"><span style=\"font-size: 12.1599998474121px;line-height: 1.3em\">Padre Ibiapina organizou miss\u00f5es, construiu capelas, igrejas, a\u00e7udes, cacimbas, po\u00e7os, cemit\u00e9rios, hospitais e chegou a fundar mais de vinte Casas de Caridade para mo\u00e7as \u00f3rf\u00e3s carentes, onde elas recebiam educa\u00e7\u00e3o religiosa e moral, aprendiam a ler, escrever e trabalhos dom\u00e9sticos, al\u00e9m de terem assist\u00eancia \u00e0 sa\u00fade.<\/span><\/p>\n<p style=\"text-align: justify\">Na grande seca de 1877, quando ele j\u00e1 residia em Arara (PB), n\u00e3o deixou que os pobres morressem de sede. Em sua pequena propriedade havia um a\u00e7ude, de onde ele fornecia \u00e1gua para a popula\u00e7\u00e3o. \u201cAchavam que ele estava louco\u201d, conta o padre belga\u00a0Jos\u00e9 Floren, atual reitor do Santu\u00e1rio, pelo fato de continuar dando comida e \u00e1gua \u00e0 popula\u00e7\u00e3o. Quando sugeriram que interrompesse o atendimento, ele disse que preferiria morrer com os pobres. \u201cDepois disso, era perto da festa da Concei\u00e7\u00e3o, come\u00e7ou uma grande chuva, ap\u00f3s tr\u00eas longos anos de seca\u201d, lembra.<\/p>\n<p style=\"text-align: justify\">Para alguns pesquisadores ele est\u00e1 inclu\u00eddo na categoria dos iluminados, pessoas que sempre lutaram por um ideal de trabalho e f\u00e9. Foi ponte entre a Igreja e o povo pobre do nordeste brasileiro, construindo uma obra mission\u00e1ria significativa e respeitada, partilhando \u00e1gua, alimento e abrigo com doentes, mendigos e retirantes, levando sempre uma palavra de conforto para aqueles que precisavam.<\/p>\n<p style=\"text-align: justify\">Padre Ibiapina morreu em 19 de fevereiro de 1883 e seu corpo est\u00e1 sepultado na capela da Casa de Caridade, em Santa F\u00e9 (PB). Com o processo de beatifica\u00e7\u00e3o em curso, o sacerdote poder\u00e1 ser beatificado em 2017, durante visita do papa Francisco ao Brasil.<\/p>\n<p style=\"text-align: justify\"><span style=\"font-size: xx-small\"><em><strong>Com informa\u00e7\u00f5es do regional Nordeste 2<\/strong><\/em><\/span><\/p>\n<p style=\"text-align: justify\">\n","protected":false},"excerpt":{"rendered":"<p>A romaria ao Santu\u00e1rio de Santa F\u00e9, no munic\u00edpio de Sol\u00e2nea (PB), marcou os 132 anos do falecimento do padre Ibiapiana. O evento contou com a presen\u00e7a de aproximadamente 20 mil pessoas, na tarde de quinta-feira, 19.\u00a0<\/p>\n","protected":false},"author":83,"featured_media":18358,"comment_status":"open","ping_status":"open","sticky":false,"template":"","format":"standard","meta":{"site-sidebar-layout":"default","site-content-layout":"default","ast-global-header-display":"","ast-banner-title-visibility":"","ast-main-header-display":"","ast-hfb-above-header-display":"","ast-hfb-below-header-display":"","ast-hfb-mobile-header-display":"","site-post-title":"","ast-breadcrumbs-content":"","ast-featured-img":"","footer-sml-layout":"","theme-transparent-header-meta":"","adv-header-id-meta":"","stick-header-meta":"","header-above-stick-meta":"","header-main-stick-meta":"","header-below-stick-meta":""},"categories":[1654],"tags":[],"acf":[],"_links":{"self":[{"href":"https:\/\/www.cnbb.org.br\/cnbb-app\/wp\/v2\/posts\/18357"}],"collection":[{"href":"https:\/\/www.cnbb.org.br\/cnbb-app\/wp\/v2\/posts"}],"about":[{"href":"https:\/\/www.cnbb.org.br\/cnbb-app\/wp\/v2\/types\/post"}],"author":[{"embeddable":true,"href":"https:\/\/www.cnbb.org.br\/cnbb-app\/wp\/v2\/users\/83"}],"replies":[{"embeddable":true,"href":"https:\/\/www.cnbb.org.br\/cnbb-app\/wp\/v2\/comments?post=18357"}],"version-history":[{"count":0,"href":"https:\/\/www.cnbb.org.br\/cnbb-app\/wp\/v2\/posts\/18357\/revisions"}],"wp:featuredmedia":[{"embeddable":true,"href":"https:\/\/www.cnbb.org.br\/cnbb-app\/wp\/v2\/media\/18358"}],"wp:attachment":[{"href":"https:\/\/www.cnbb.org.br\/cnbb-app\/wp\/v2\/media?parent=18357"}],"wp:term":[{"taxonomy":"category","embeddable":true,"href":"https:\/\/www.cnbb.org.br\/cnbb-app\/wp\/v2\/categories?post=18357"},{"taxonomy":"post_tag","embeddable":true,"href":"https:\/\/www.cnbb.org.br\/cnbb-app\/wp\/v2\/tags?post=18357"}],"curies":[{"name":"wp","href":"https:\/\/api.w.org\/{rel}","templated":true}]}}