{"id":18363,"date":"2015-04-29T00:00:00","date_gmt":"2015-04-29T03:00:00","guid":{"rendered":"https:\/\/www.cnbb.org.br\/dom-murilo-krieger-comemora-30-anos-de-episcopado\/"},"modified":"2020-03-11T19:58:10","modified_gmt":"2020-03-11T22:58:10","slug":"dom-murilo-krieger-comemora-30-anos-de-episcopado","status":"publish","type":"post","link":"https:\/\/www.cnbb.org.br\/dom-murilo-krieger-comemora-30-anos-de-episcopado\/","title":{"rendered":"Dom Murilo Krieger comemora 30 anos de episcopado"},"content":{"rendered":"<p style=\"text-align: justify\"><span style=\"font-size: 12.1599998474121px;line-height: 1.3em\">O arcebispo de Salvador e vice-presidente da Confer\u00eancia Nacional dos Bispos do Brasil (CNBB), dom Murilo Krieger, celebrou no dia 28 de abril, 30 anos de ordena\u00e7\u00e3o episcopal. Em sua trajet\u00f3ria no episcopado, exerceu diferentes atividades pastorais, entre elas, presidente dos regionais Sul 2 e Sul 4 da CNBB.<\/span><\/p>\n<p><!--more--><\/p>\n<p style=\"text-align: justify\"><span style=\"font-size: 12.1599998474121px;line-height: 1.3em\">No dia 20 de abril, durante a 53\u00aa Assembleia Geral, em Aparecida (SP), dom Murilo foi eleito vice-presidente da Confer\u00eancia dos Bispos.<\/span><\/p>\n<p style=\"text-align: justify\">Com o lema episcopal \u201cDeus \u00e9 amor\u201d (<em>Deus caritas est),<\/em><em>\u00a0<\/em>dom Murilo \u00e9 o 15\u00ba vice-presidente eleito em Assembleia Geral. Durante a 49\u00ba Assembleia Geral da CNBB de 2011, foi eleito membro da Comiss\u00e3o Episcopal Pastoral para a Doutrina da F\u00e9 e presidente da Comiss\u00e3o Episcopal Pastoral para a Campanha para a Evangeliza\u00e7\u00e3o da CNBB.<\/p>\n<p style=\"text-align: justify\">Dom Murilo \u00e9 autor de dez livros publicados por editoras nacionais, entre eles destacam-se sua \u00faltima obra, \u201cAnunciai a Boa Nova\u201d, e \u201cAlegre-se: Deus \u00e9 amor\u201d.<\/p>\n<p style=\"text-align: justify\"><strong>Caminhada <\/strong><\/p>\n<p style=\"text-align: justify\">Dom Murilo \u00e9 natural de Brusque (SC), nascido em 19 de setembro de 1943. Em 1985, o papa Jo\u00e3o Paulo II o nomeou bispo auxiliar de Florian\u00f3polis (SC). Foi ordenado bispo em sua cidade natal, no dia 28 de abril de 1985. Esteve como bispo de Ponta Grossa (PR) de 1991 a 1997, presidente do regional Sul 2 da CNBB, por dois mandatos, de 1995 a 1999 e 1999 a 2002.<\/p>\n<p style=\"text-align: justify\">Em 1997, o papa Jo\u00e3o Paulo II o nomeou arcebispo de Maring\u00e1 (PR) e, no ano de 2002, tornou-se arcebispo de Florian\u00f3polis. No dia 12 de janeiro de 2011, o papa Bento XVI o nomeou arcebispo de S\u00e3o Salvador (BA), com posse no dia 25 de mar\u00e7o do mesmo ano.<\/p>\n<h5 style=\"text-align: justify\">Com informa\u00e7\u00f5es e foto da arquidiocese de Salvador.<\/h5>\n<p>&nbsp;<\/p>\n","protected":false},"excerpt":{"rendered":"<p>O arcebispo de Salvador e vice-presidente da Confer\u00eancia Nacional dos Bispos do Brasil (CNBB), dom Murilo Krieger, celebrou no dia 28 de abril, 30 anos de ordena\u00e7\u00e3o episcopal. Em sua trajet\u00f3ria no episcopado, exerceu diferentes atividades pastorais, entre elas, presidente dos regionais Sul 2 e Sul 4 da CNBB.<\/p>\n","protected":false},"author":83,"featured_media":18364,"comment_status":"open","ping_status":"open","sticky":false,"template":"","format":"standard","meta":{"site-sidebar-layout":"default","site-content-layout":"default","ast-global-header-display":"","ast-banner-title-visibility":"","ast-main-header-display":"","ast-hfb-above-header-display":"","ast-hfb-below-header-display":"","ast-hfb-mobile-header-display":"","site-post-title":"","ast-breadcrumbs-content":"","ast-featured-img":"","footer-sml-layout":"","theme-transparent-header-meta":"","adv-header-id-meta":"","stick-header-meta":"","header-above-stick-meta":"","header-main-stick-meta":"","header-below-stick-meta":""},"categories":[1654],"tags":[],"acf":[],"_links":{"self":[{"href":"https:\/\/www.cnbb.org.br\/cnbb-app\/wp\/v2\/posts\/18363"}],"collection":[{"href":"https:\/\/www.cnbb.org.br\/cnbb-app\/wp\/v2\/posts"}],"about":[{"href":"https:\/\/www.cnbb.org.br\/cnbb-app\/wp\/v2\/types\/post"}],"author":[{"embeddable":true,"href":"https:\/\/www.cnbb.org.br\/cnbb-app\/wp\/v2\/users\/83"}],"replies":[{"embeddable":true,"href":"https:\/\/www.cnbb.org.br\/cnbb-app\/wp\/v2\/comments?post=18363"}],"version-history":[{"count":0,"href":"https:\/\/www.cnbb.org.br\/cnbb-app\/wp\/v2\/posts\/18363\/revisions"}],"wp:featuredmedia":[{"embeddable":true,"href":"https:\/\/www.cnbb.org.br\/cnbb-app\/wp\/v2\/media\/18364"}],"wp:attachment":[{"href":"https:\/\/www.cnbb.org.br\/cnbb-app\/wp\/v2\/media?parent=18363"}],"wp:term":[{"taxonomy":"category","embeddable":true,"href":"https:\/\/www.cnbb.org.br\/cnbb-app\/wp\/v2\/categories?post=18363"},{"taxonomy":"post_tag","embeddable":true,"href":"https:\/\/www.cnbb.org.br\/cnbb-app\/wp\/v2\/tags?post=18363"}],"curies":[{"name":"wp","href":"https:\/\/api.w.org\/{rel}","templated":true}]}}