{"id":18365,"date":"2015-08-19T00:00:00","date_gmt":"2015-08-19T03:00:00","guid":{"rendered":"https:\/\/www.cnbb.org.br\/dom-fernando-recebera-titulo-de-cidadao-piracicabano\/"},"modified":"2020-03-11T19:58:10","modified_gmt":"2020-03-11T22:58:10","slug":"dom-fernando-recebera-titulo-de-cidadao-piracicabano","status":"publish","type":"post","link":"https:\/\/www.cnbb.org.br\/dom-fernando-recebera-titulo-de-cidadao-piracicabano\/","title":{"rendered":"Dom Fernando receber\u00e1 t\u00edtulo de Cidad\u00e3o Piracicabano"},"content":{"rendered":"<p style=\"text-align: justify\" align=\"center\"><span style=\"font-size: 12.1599998474121px;line-height: 1.3em\">O bispo de Piracicaba (SP), dom Fernando Mason, completou dez anos no governo da diocese paulista. A nomea\u00e7\u00e3o ocorreu em 25 de maio de 2005, por decis\u00e3o do papa em\u00e9rito Bento XVI. Em comemora\u00e7\u00e3o \u00e0 data, o bispo ser\u00e1 homenageado pelo C\u00e2mara de Vereadores, recebendo o t\u00edtulo de \u201cCidad\u00e3o Piracicabano\u201d.<\/span><\/p>\n<p><!--more--><\/p>\n<p style=\"text-align: justify\" align=\"center\"><span style=\"font-size: 12.1599998474121px;line-height: 1.3em\">A solenidade ocorrer\u00e1 no dia 25 de agosto, \u00e0s 19h30, no Centro Diocesano de Pastoral. Na ocasi\u00e3o, dom Fernando receber\u00e1, ainda, mo\u00e7\u00e3o de aplausos; iniciativa da presid\u00eancia do legislativo piracicabano.<\/span><\/p>\n<p style=\"text-align: justify\"><strong>Vida e miss\u00e3o<\/strong><\/p>\n<p style=\"text-align: justify\">Dom Fernando Mason \u00e9 natural de Loreggia (It\u00e1lia). Nasceu em 21 de janeiro de 1945. Exerceu o episcopado na diocese de Caraguatatuba de 1999 a 2005, quando foi nomeado para Piracicaba. Pertence \u00e0\u00a0Ordem dos Frades Menores Conventuais (OFM). Tem como lema episcopal <em>\u201cChristus Factus Obediens\u201d<\/em> (Seguir Cristo feito Obediente).<\/p>\n<p style=\"text-align: justify\">Durante esses dez anos na diocese de Piracicaba, dom Fernando criou 11 par\u00f3quias e ordenou diversos padres e 26 di\u00e1conos permanentes. Tamb\u00e9m iniciou o jornal mensal \u201cEm Foco\u201d, com tiragem de 40 mil exemplares e distribui\u00e7\u00e3o nas par\u00f3quias da diocese.<\/p>\n<p style=\"text-align: justify\">O bispo motivou, ainda, o processo de reestrutura\u00e7\u00e3o pastoral e administrativo da diocese, com implementa\u00e7\u00e3o do 6\u00ba Plano Diocesano de Pastoral. Nesta gest\u00e3o, foram criadas comiss\u00f5es diocesanas para agrupar pastorais e movimentos. Houve, tamb\u00e9m, reforma do Semin\u00e1rio Proped\u00eautico Imaculada Concei\u00e7\u00e3o, constru\u00e7\u00e3o do Semin\u00e1rio Filos\u00f3fico S\u00e3o Jo\u00e3o XXIII e o Semin\u00e1rio Teol\u00f3gico S\u00e3o Jos\u00e9, ambos em Campinas.<\/p>\n<h5 style=\"text-align: justify\">CNBB com informa\u00e7\u00f5es e foto da diocese de Piracicaba (SP).<\/h5>\n","protected":false},"excerpt":{"rendered":"<p>O bispo de Piracicaba (SP), dom Fernando Mason, completou dez anos no governo da diocese paulista. A nomea\u00e7\u00e3o ocorreu em 25 de maio de 2005, por decis\u00e3o do papa em\u00e9rito Bento XVI. Em comemora\u00e7\u00e3o \u00e0 data, o bispo ser\u00e1 homenageado pelo C\u00e2mara de Vereadores, recebendo o t\u00edtulo de \u201cCidad\u00e3o Piracicabano\u201d.<\/p>\n","protected":false},"author":83,"featured_media":18366,"comment_status":"open","ping_status":"open","sticky":false,"template":"","format":"standard","meta":{"site-sidebar-layout":"default","site-content-layout":"default","ast-global-header-display":"","ast-banner-title-visibility":"","ast-main-header-display":"","ast-hfb-above-header-display":"","ast-hfb-below-header-display":"","ast-hfb-mobile-header-display":"","site-post-title":"","ast-breadcrumbs-content":"","ast-featured-img":"","footer-sml-layout":"","theme-transparent-header-meta":"","adv-header-id-meta":"","stick-header-meta":"","header-above-stick-meta":"","header-main-stick-meta":"","header-below-stick-meta":""},"categories":[1654],"tags":[],"acf":[],"_links":{"self":[{"href":"https:\/\/www.cnbb.org.br\/cnbb-app\/wp\/v2\/posts\/18365"}],"collection":[{"href":"https:\/\/www.cnbb.org.br\/cnbb-app\/wp\/v2\/posts"}],"about":[{"href":"https:\/\/www.cnbb.org.br\/cnbb-app\/wp\/v2\/types\/post"}],"author":[{"embeddable":true,"href":"https:\/\/www.cnbb.org.br\/cnbb-app\/wp\/v2\/users\/83"}],"replies":[{"embeddable":true,"href":"https:\/\/www.cnbb.org.br\/cnbb-app\/wp\/v2\/comments?post=18365"}],"version-history":[{"count":0,"href":"https:\/\/www.cnbb.org.br\/cnbb-app\/wp\/v2\/posts\/18365\/revisions"}],"wp:featuredmedia":[{"embeddable":true,"href":"https:\/\/www.cnbb.org.br\/cnbb-app\/wp\/v2\/media\/18366"}],"wp:attachment":[{"href":"https:\/\/www.cnbb.org.br\/cnbb-app\/wp\/v2\/media?parent=18365"}],"wp:term":[{"taxonomy":"category","embeddable":true,"href":"https:\/\/www.cnbb.org.br\/cnbb-app\/wp\/v2\/categories?post=18365"},{"taxonomy":"post_tag","embeddable":true,"href":"https:\/\/www.cnbb.org.br\/cnbb-app\/wp\/v2\/tags?post=18365"}],"curies":[{"name":"wp","href":"https:\/\/api.w.org\/{rel}","templated":true}]}}