{"id":18374,"date":"2016-04-09T00:00:00","date_gmt":"2016-04-09T03:00:00","guid":{"rendered":"https:\/\/www.cnbb.org.br\/dom-luiz-soares-vieira-apresenta-atividades-da-comissao-para-os-bispos-emeritos\/"},"modified":"2020-03-11T19:58:08","modified_gmt":"2020-03-11T22:58:08","slug":"dom-luiz-soares-vieira-apresenta-atividades-da-comissao-para-os-bispos-emeritos","status":"publish","type":"post","link":"https:\/\/www.cnbb.org.br\/dom-luiz-soares-vieira-apresenta-atividades-da-comissao-para-os-bispos-emeritos\/","title":{"rendered":"\u201cN\u00f3s somos hoje o que voc\u00eas ser\u00e3o amanh\u00e3&#8221;, diz dom Luiz Soares ao episcopado brasileiro"},"content":{"rendered":"<p style=\"text-align: justify\">Fala do arcebispo em\u00e9rito de Manaus foi ancorada na experi\u00eancia da miseric\u00f3rdia<\/p>\n<p><!--more--><\/p>\n<p>O arcebispo em\u00e9rito de Manaus (AM) e presidente da Comiss\u00e3o Episcopal Especial para os Bispos Em\u00e9ritos, dom Luiz Soares Vieira, falou, na tarde desta sexta-feira, 08, durante a 54\u00aa Assembleia Geral da Confer\u00eancia Nacional dos Bispos do Brasil (CNBB), sobre o cuidado da Igreja no Brasil com os bispos que j\u00e1 deixaram o governo de suas dioceses.<\/p>\n<p style=\"text-align: justify\">Dom Luiz Soares Vieira fez uma declara\u00e7\u00e3o em nome dos bispos em\u00e9ritos, ancorada na experi\u00eancia de miseric\u00f3rdia, vivida de maneira particular no contexto dos bispos que deixaram\u00a0as suas obriga\u00e7\u00f5es administrativas e pastorais nas dioceses, por limite de idade, conforme prev\u00ea o C\u00f3digo de Direito Can\u00f4nico. \u201cA miseric\u00f3rdia vivida ao longo do exerc\u00edcio do minist\u00e9rio episcopal ganhou mais express\u00e3o no exerc\u00edcio da pastoral, \u00e0 qual continuam servindo sempre que solicitados\u201d, lembrou.<\/p>\n<p style=\"text-align: justify\">Uma frase marcante ao episcopado durante sua exposi\u00e7\u00e3o gerou uma salva de palmas ao em\u00e9rito, que foi vice-presidente da CNBB entre 2007 e 2011. \u201cN\u00f3s somos hoje o que voc\u00eas ser\u00e3o amanh\u00e3!\u201d, exclamou dom Luiz.<\/p>\n<p style=\"text-align: justify\">Ao final, pediu que o episcopado\u00a0ajude os bispos em\u00e9ritos a superarem as limita\u00e7\u00f5es e m\u00e1goas, a fim de poderem gozar desta nova fase de forma serena e livre.<\/p>\n<p style=\"text-align: justify\">Os bispos em\u00e9ritos ainda ter\u00e3o uma reuni\u00e3o dentro desta Assembleia da CNBB e est\u00e3o com outra agendada para agosto, dentro das atividades do XVII Congresso Eucar\u00edstico Nacional, que acontecer\u00e1 em Bel\u00e9m (PA).<\/p>\n<p style=\"text-align: justify\">Entre outras atividades a Comiss\u00e3o lan\u00e7ou\u00a0o informativo \u201cMarcas no Caminho\u201d, publicado pelas Edi\u00e7\u00f5es CNBB \u201ccom testemunhos de vidas consagradas a Deus, \u00e0 Igreja e ao povo, de bispos que j\u00e1 tinham\u00a0passado o governo de suas dioceses a sucessores e que irradiam\u00a0a alegria do dever cumprido\u201d.<\/p>\n<p style=\"text-align: justify\">O bispo auxiliar de Bras\u00edlia (DF) e secret\u00e1rio geral da CNBB, dom Leonardo Steiner, recordou a exist\u00eancia de um fundo do Aux\u00edlio Fraterno, que tem sido utilizado para dar apoio aos bispos em\u00e9ritos.<\/p>\n<p style=\"text-align: justify\"><a title=\"Missa dedicada aos bispos em\u00e9ritos\" href=\"https:\/\/www.cnbb.org.br\/index.php?option=com_content&amp;view=article&amp;id=18503:a-igreja-nao-pode-permanecer-indiferente-as-dores-de-seu-povo-afirma-dom-itamar-vian&amp;catid=450:54-assembleia-geral&amp;Itemid=263\">Na manh\u00e3 desta sexta-feira, a missa presidida pelo arcebispo em\u00e9rito de Feira de Santana (BA), dom Itamar Vian, recordou os bispos em\u00e9ritos.\u00a0<\/a><\/p>\n","protected":false},"excerpt":{"rendered":"<p>Fala do arcebispo em\u00e9rito de Manaus foi ancorada na experi\u00eancia da miseric\u00f3rdia<\/p>\n","protected":false},"author":83,"featured_media":18375,"comment_status":"open","ping_status":"open","sticky":false,"template":"","format":"standard","meta":{"site-sidebar-layout":"default","site-content-layout":"default","ast-global-header-display":"","ast-banner-title-visibility":"","ast-main-header-display":"","ast-hfb-above-header-display":"","ast-hfb-below-header-display":"","ast-hfb-mobile-header-display":"","site-post-title":"","ast-breadcrumbs-content":"","ast-featured-img":"","footer-sml-layout":"","theme-transparent-header-meta":"","adv-header-id-meta":"","stick-header-meta":"","header-above-stick-meta":"","header-main-stick-meta":"","header-below-stick-meta":""},"categories":[1654],"tags":[],"acf":[],"_links":{"self":[{"href":"https:\/\/www.cnbb.org.br\/cnbb-app\/wp\/v2\/posts\/18374"}],"collection":[{"href":"https:\/\/www.cnbb.org.br\/cnbb-app\/wp\/v2\/posts"}],"about":[{"href":"https:\/\/www.cnbb.org.br\/cnbb-app\/wp\/v2\/types\/post"}],"author":[{"embeddable":true,"href":"https:\/\/www.cnbb.org.br\/cnbb-app\/wp\/v2\/users\/83"}],"replies":[{"embeddable":true,"href":"https:\/\/www.cnbb.org.br\/cnbb-app\/wp\/v2\/comments?post=18374"}],"version-history":[{"count":0,"href":"https:\/\/www.cnbb.org.br\/cnbb-app\/wp\/v2\/posts\/18374\/revisions"}],"wp:featuredmedia":[{"embeddable":true,"href":"https:\/\/www.cnbb.org.br\/cnbb-app\/wp\/v2\/media\/18375"}],"wp:attachment":[{"href":"https:\/\/www.cnbb.org.br\/cnbb-app\/wp\/v2\/media?parent=18374"}],"wp:term":[{"taxonomy":"category","embeddable":true,"href":"https:\/\/www.cnbb.org.br\/cnbb-app\/wp\/v2\/categories?post=18374"},{"taxonomy":"post_tag","embeddable":true,"href":"https:\/\/www.cnbb.org.br\/cnbb-app\/wp\/v2\/tags?post=18374"}],"curies":[{"name":"wp","href":"https:\/\/api.w.org\/{rel}","templated":true}]}}