{"id":18391,"date":"2016-08-30T00:00:00","date_gmt":"2016-08-30T03:00:00","guid":{"rendered":"https:\/\/www.cnbb.org.br\/dom-pedro-fedalto-e-um-homem-simples-e-muito-amado-diz-dom-peruzzo\/"},"modified":"2020-03-11T19:58:06","modified_gmt":"2020-03-11T22:58:06","slug":"dom-pedro-fedalto-e-um-homem-simples-e-muito-amado-diz-dom-peruzzo","status":"publish","type":"post","link":"https:\/\/www.cnbb.org.br\/dom-pedro-fedalto-e-um-homem-simples-e-muito-amado-diz-dom-peruzzo\/","title":{"rendered":"Dom Pedro Fedalto \u00e9 \u201cum homem simples e muito amado\u201d, diz dom Peruzzo"},"content":{"rendered":"<p style=\"text-align: justify\">Arcebispo em\u00e9rito de Curitiba \u00e9 homenageado por seus 50 anos de episcopado<\/p>\n<p><!--more--><\/p>\n<p style=\"text-align: justify\">O arcebispo em\u00e9rito de Curitiba (PR), dom Pedro Ant\u00f4nio Marchetti Fedalto, presidiu, no \u00faltimo s\u00e1bado, 27, missa em comemora\u00e7\u00e3o pelos seus 50 anos de episcopado e 90 de idade. A celebra\u00e7\u00e3o, na catedral Bas\u00edlica de Curitiba, teve a presen\u00e7a de bispos de 16 dioceses, al\u00e9m de boa parte do clero da arquidiocese de Curitiba, amigos e familiares de dom Pedro, autoridades e membros da comunidade. Durante a homilia, o arcebispo metropolitano, dom Jos\u00e9 Ant\u00f4nio Peruzzo, o caracterizou como \u201cum homem simples e muito amado\u201d.<\/p>\n<p style=\"text-align: justify\">\u201cDom Pedro, tua simplicidade tem um sentido transfigurado. \u00c9 f\u00e1cil perceber que estamos diante de algu\u00e9m cujas experi\u00eancias de comunh\u00e3o representam um retrato vivo do amor que procede do alto\u201d, disse dom Peruzzo ao homenageado, enfatizando que a gratid\u00e3o da comunidade pela vida de dom Pedro Fedalto \u00e9 \u201cn\u00edtida e justificada\u201d.<\/p>\n<p style=\"text-align: justify\">O bispo de S\u00e3o Jos\u00e9 dos Pinhais (PR) e secret\u00e1rio do regional Sul 2 da Confer\u00eancia Nacional dos Bispos do Brasil (CNBB), dom Francisco Carlos Bach, falou, ao final da celebra\u00e7\u00e3o, da atua\u00e7\u00e3o do arcebispo em\u00e9rito no regional. \u201cDom Pedro Fedalto ao longo de quase tr\u00eas d\u00e9cadas \u00e0 frente da regional Sul 2 da CNBB trabalhou muito pela unidade, pela coopera\u00e7\u00e3o, e o clima anterior que ele colocou continua reinando entre n\u00f3s bispos. Hoje h\u00e1 uma bela comunh\u00e3o entre n\u00f3s\u201d, contou.<\/p>\n<p style=\"text-align: justify\">Dom Pedro Fedalto encerrou a celebra\u00e7\u00e3o com agradecimentos. \u201cDurante os \u00faltimos 50 anos procurei viver sempre meu lema, a verdade na caridade, com humildade, respeitando cada um como \u00e9, pedindo perd\u00e3o a quem ofendi em minhas fraquezas\u201d, disse.<\/p>\n<p style=\"text-align: justify\">A celebra\u00e7\u00e3o em homenagem a dom Pedro Fedalto seguiu com um almo\u00e7o festivo.<\/p>\n<h5 style=\"text-align: justify\">Com informa\u00e7\u00f5es e foto da arquidiocese de Curitiba (PR)<\/h5>\n<p>&nbsp;<\/p>\n","protected":false},"excerpt":{"rendered":"<p>Arcebispo em\u00e9rito de Curitiba \u00e9 homenageado por seus 50 anos de episcopado<\/p>\n","protected":false},"author":83,"featured_media":18392,"comment_status":"open","ping_status":"open","sticky":false,"template":"","format":"standard","meta":{"site-sidebar-layout":"default","site-content-layout":"default","ast-global-header-display":"","ast-banner-title-visibility":"","ast-main-header-display":"","ast-hfb-above-header-display":"","ast-hfb-below-header-display":"","ast-hfb-mobile-header-display":"","site-post-title":"","ast-breadcrumbs-content":"","ast-featured-img":"","footer-sml-layout":"","theme-transparent-header-meta":"","adv-header-id-meta":"","stick-header-meta":"","header-above-stick-meta":"","header-main-stick-meta":"","header-below-stick-meta":""},"categories":[1654],"tags":[],"acf":[],"_links":{"self":[{"href":"https:\/\/www.cnbb.org.br\/cnbb-app\/wp\/v2\/posts\/18391"}],"collection":[{"href":"https:\/\/www.cnbb.org.br\/cnbb-app\/wp\/v2\/posts"}],"about":[{"href":"https:\/\/www.cnbb.org.br\/cnbb-app\/wp\/v2\/types\/post"}],"author":[{"embeddable":true,"href":"https:\/\/www.cnbb.org.br\/cnbb-app\/wp\/v2\/users\/83"}],"replies":[{"embeddable":true,"href":"https:\/\/www.cnbb.org.br\/cnbb-app\/wp\/v2\/comments?post=18391"}],"version-history":[{"count":0,"href":"https:\/\/www.cnbb.org.br\/cnbb-app\/wp\/v2\/posts\/18391\/revisions"}],"wp:featuredmedia":[{"embeddable":true,"href":"https:\/\/www.cnbb.org.br\/cnbb-app\/wp\/v2\/media\/18392"}],"wp:attachment":[{"href":"https:\/\/www.cnbb.org.br\/cnbb-app\/wp\/v2\/media?parent=18391"}],"wp:term":[{"taxonomy":"category","embeddable":true,"href":"https:\/\/www.cnbb.org.br\/cnbb-app\/wp\/v2\/categories?post=18391"},{"taxonomy":"post_tag","embeddable":true,"href":"https:\/\/www.cnbb.org.br\/cnbb-app\/wp\/v2\/tags?post=18391"}],"curies":[{"name":"wp","href":"https:\/\/api.w.org\/{rel}","templated":true}]}}