{"id":18395,"date":"2009-07-21T00:00:00","date_gmt":"2009-07-21T03:00:00","guid":{"rendered":"https:\/\/www.cnbb.org.br\/imprensa-do-brasil-cobre-o-12o-intereclesial-das-cebs\/"},"modified":"2009-07-21T00:00:00","modified_gmt":"2009-07-21T03:00:00","slug":"imprensa-do-brasil-cobre-o-12o-intereclesial-das-cebs","status":"publish","type":"post","link":"https:\/\/www.cnbb.org.br\/imprensa-do-brasil-cobre-o-12o-intereclesial-das-cebs\/","title":{"rendered":"Imprensa do Brasil cobre o 12\u00ba Intereclesial das CEBs"},"content":{"rendered":"<p style=\"text-align: justify\">O 12\u00ba Intereclesial das CEBs, que acontece em Porto Velho, capital de Rond\u00f4nia est\u00e1 atraindo bastante aten\u00e7\u00e3o da imprensa brasileira. De acordo com a coordenadora do departamento de Comunica\u00e7\u00e3o do Intereclesial, irm\u00e3 Osnilda Lima, 32 jornalistas foram credenciados. Al\u00e9m deles, a imprensa da cidade est\u00e1 mobilizada na cobertura do evento, fazendo entradas ao vivo, tanto pela Amazon Sat quanto pela Rede Vida, que est\u00e1 com uma grade de programa\u00e7\u00e3o inteiramente voltada para Porto Velho.<\/p>\n<p><!--more--><\/p>\n<p style=\"text-align: justify\">\u201cUm fato interessante \u00e9 que n\u00e3o apenas os grandes centros enviaram jornalista, mas de norte a sul temos a felicidade de receb\u00ea-los em nossa cidade. Acho que os jornalistas n\u00e3o ter\u00e3o dificuldades t\u00e9cnicas, pois montamos uma estrutura de primeira qualidade para dar todo o suporte t\u00e9cnico necess\u00e1rio para que possam desempenhar da melhor maneira poss\u00edvel suas fun\u00e7\u00f5es\u201d, afirmou.<\/p>\n<p style=\"text-align: justify\">Al\u00e9m da sala de imprensa, equipada com 13 computadores ligados a internet, tamb\u00e9m fazem parte a sala de coletivas de imprensa e a sala do departamento de comunica\u00e7\u00e3o do 12\u00ba Intereclesial. \u201cContamos tamb\u00e9m com o suporte de 22 volunt\u00e1rios, entre eles, tr\u00eas jornalistas\u201d, afirmou irm\u00e3 Osnilda.<\/p>\n","protected":false},"excerpt":{"rendered":"<p>O 12\u00ba Intereclesial das CEBs, que acontece em Porto Velho, capital de Rond\u00f4nia est\u00e1 atraindo bastante aten\u00e7\u00e3o da imprensa brasileira. De acordo com a coordenadora do departamento de Comunica\u00e7\u00e3o do Intereclesial, irm\u00e3 Osnilda Lima, 32 jornalistas foram credenciados. Al\u00e9m deles, a imprensa da cidade est\u00e1 mobilizada na cobertura do evento, fazendo entradas ao vivo, tanto &hellip;<\/p>\n<p class=\"read-more\"> <a class=\"\" href=\"https:\/\/www.cnbb.org.br\/imprensa-do-brasil-cobre-o-12o-intereclesial-das-cebs\/\"> <span class=\"screen-reader-text\">Imprensa do Brasil cobre o 12\u00ba Intereclesial das CEBs<\/span> Leia mais &raquo;<\/a><\/p>\n","protected":false},"author":83,"featured_media":0,"comment_status":"open","ping_status":"open","sticky":false,"template":"","format":"standard","meta":{"site-sidebar-layout":"default","site-content-layout":"default","ast-global-header-display":"","ast-banner-title-visibility":"","ast-main-header-display":"","ast-hfb-above-header-display":"","ast-hfb-below-header-display":"","ast-hfb-mobile-header-display":"","site-post-title":"","ast-breadcrumbs-content":"","ast-featured-img":"","footer-sml-layout":"","theme-transparent-header-meta":"","adv-header-id-meta":"","stick-header-meta":"","header-above-stick-meta":"","header-main-stick-meta":"","header-below-stick-meta":""},"categories":[912],"tags":[],"acf":[],"_links":{"self":[{"href":"https:\/\/www.cnbb.org.br\/cnbb-app\/wp\/v2\/posts\/18395"}],"collection":[{"href":"https:\/\/www.cnbb.org.br\/cnbb-app\/wp\/v2\/posts"}],"about":[{"href":"https:\/\/www.cnbb.org.br\/cnbb-app\/wp\/v2\/types\/post"}],"author":[{"embeddable":true,"href":"https:\/\/www.cnbb.org.br\/cnbb-app\/wp\/v2\/users\/83"}],"replies":[{"embeddable":true,"href":"https:\/\/www.cnbb.org.br\/cnbb-app\/wp\/v2\/comments?post=18395"}],"version-history":[{"count":0,"href":"https:\/\/www.cnbb.org.br\/cnbb-app\/wp\/v2\/posts\/18395\/revisions"}],"wp:attachment":[{"href":"https:\/\/www.cnbb.org.br\/cnbb-app\/wp\/v2\/media?parent=18395"}],"wp:term":[{"taxonomy":"category","embeddable":true,"href":"https:\/\/www.cnbb.org.br\/cnbb-app\/wp\/v2\/categories?post=18395"},{"taxonomy":"post_tag","embeddable":true,"href":"https:\/\/www.cnbb.org.br\/cnbb-app\/wp\/v2\/tags?post=18395"}],"curies":[{"name":"wp","href":"https:\/\/api.w.org\/{rel}","templated":true}]}}