{"id":18398,"date":"2009-04-28T00:00:00","date_gmt":"2009-04-28T03:00:00","guid":{"rendered":"https:\/\/www.cnbb.org.br\/coletiva-de-imprensa-desta-terca-feira\/"},"modified":"2009-04-28T00:00:00","modified_gmt":"2009-04-28T03:00:00","slug":"coletiva-de-imprensa-desta-terca-feira","status":"publish","type":"post","link":"https:\/\/www.cnbb.org.br\/coletiva-de-imprensa-desta-terca-feira\/","title":{"rendered":"Coletiva de imprensa desta ter\u00e7a-feira"},"content":{"rendered":"<h4 style=\"text-align: justify\">1 \u2013 Dom Moacyr Grechi<\/h4>\n<p style=\"text-align: justify\">Dom Moacyr nasceu em Turvo (SC). Como bispo ele foi membro da Comiss\u00e3o Episcopal de Pastoral da CNBB [1975 a 1978]; presidente da Comiss\u00e3o Pastoral da Terra (CPT), por oito anos e presidente do Regional Norte 1 da CNBB\u00a0 [Norte do Amazonas e Roraima, por dois per\u00edodos]; membro do Conselho Permanente da CNBB; membro da Comiss\u00e3o Episcopal para a Doutrina da F\u00e9 [1995 a 2003] e delegado da V Confer\u00eancia Geral do Episcopado da Am\u00e9rica Latina e do Caribe [2007]. Dom Moacyr \u00e9 ainda o respons\u00e1vel pelo 12\u00ba Intereclesial das Comunidades Eclesiais de Base que vai ocorrer em julho, em Porto Velho (RO). Ele est\u00e1 \u00e0 frente da arquidiocese de Porto Velho desde 8 de novembro de 1998.<\/p>\n<p><!--more--><\/p>\n<h4 style=\"text-align: justify\">2 \u2013 Dom Adriano Ciocca<\/h4>\n<p style=\"text-align: justify\">Dom Adriano \u00e9 bispo de Floresta (PE), desde 2 de maio de 1999. Ele \u00e9 italiano de Borgosesia, Vercelli. Foi nomeado bispo em 3 de mar\u00e7o de 1999, pelo ent\u00e3o papa Jo\u00e3o Paulo II. Sua ordena\u00e7\u00e3o aconteceu em sua terra natal, em 2 de maio de 1999. Atualmente ele \u00e9 o bispo respons\u00e1vel para as Comunidades Eclesiais de Base (CEBs), nacional.<\/p>\n<h4 style=\"text-align: justify\">3 \u2013 Dom Ladislau Biernaski<\/h4>\n<p style=\"text-align: justify\">Natural de Almirante Tamandar\u00e9 (PR), dom Ladislau \u00e9 bispo de S\u00e3o Jos\u00e9 dos Pinhais (PR), desde 6 de dezembro de 2006. Ele foi ordenado bispo em 27 de maio de 1979. Foi ainda vice-presidente da Comiss\u00e3o Pastoral da Terra (CPT) [1997 a 2003]; bispo auxiliar de Curitiba [1979 a 2006]; e o primeiro bispo diocesano de S\u00e3o Jos\u00e9 dos Pinhais. Atualmente ele \u00e9 o presidente da CPT em n\u00edvel nacional.<\/p>\n<p style=\"text-align: justify\">Dom Orani Jo\u00e3o Tempesta \u00e9 o porta-voz da 47\u00aa Assembleia Geral da CNBB.<\/p>\n","protected":false},"excerpt":{"rendered":"<p>1 \u2013 Dom Moacyr Grechi Dom Moacyr nasceu em Turvo (SC). Como bispo ele foi membro da Comiss\u00e3o Episcopal de Pastoral da CNBB [1975 a 1978]; presidente da Comiss\u00e3o Pastoral da Terra (CPT), por oito anos e presidente do Regional Norte 1 da CNBB\u00a0 [Norte do Amazonas e Roraima, por dois per\u00edodos]; membro do Conselho &hellip;<\/p>\n<p class=\"read-more\"> <a class=\"\" href=\"https:\/\/www.cnbb.org.br\/coletiva-de-imprensa-desta-terca-feira\/\"> <span class=\"screen-reader-text\">Coletiva de imprensa desta ter\u00e7a-feira<\/span> Leia mais &raquo;<\/a><\/p>\n","protected":false},"author":83,"featured_media":0,"comment_status":"open","ping_status":"open","sticky":false,"template":"","format":"standard","meta":{"site-sidebar-layout":"default","site-content-layout":"default","ast-global-header-display":"","ast-banner-title-visibility":"","ast-main-header-display":"","ast-hfb-above-header-display":"","ast-hfb-below-header-display":"","ast-hfb-mobile-header-display":"","site-post-title":"","ast-breadcrumbs-content":"","ast-featured-img":"","footer-sml-layout":"","theme-transparent-header-meta":"","adv-header-id-meta":"","stick-header-meta":"","header-above-stick-meta":"","header-main-stick-meta":"","header-below-stick-meta":""},"categories":[912],"tags":[],"acf":[],"_links":{"self":[{"href":"https:\/\/www.cnbb.org.br\/cnbb-app\/wp\/v2\/posts\/18398"}],"collection":[{"href":"https:\/\/www.cnbb.org.br\/cnbb-app\/wp\/v2\/posts"}],"about":[{"href":"https:\/\/www.cnbb.org.br\/cnbb-app\/wp\/v2\/types\/post"}],"author":[{"embeddable":true,"href":"https:\/\/www.cnbb.org.br\/cnbb-app\/wp\/v2\/users\/83"}],"replies":[{"embeddable":true,"href":"https:\/\/www.cnbb.org.br\/cnbb-app\/wp\/v2\/comments?post=18398"}],"version-history":[{"count":0,"href":"https:\/\/www.cnbb.org.br\/cnbb-app\/wp\/v2\/posts\/18398\/revisions"}],"wp:attachment":[{"href":"https:\/\/www.cnbb.org.br\/cnbb-app\/wp\/v2\/media?parent=18398"}],"wp:term":[{"taxonomy":"category","embeddable":true,"href":"https:\/\/www.cnbb.org.br\/cnbb-app\/wp\/v2\/categories?post=18398"},{"taxonomy":"post_tag","embeddable":true,"href":"https:\/\/www.cnbb.org.br\/cnbb-app\/wp\/v2\/tags?post=18398"}],"curies":[{"name":"wp","href":"https:\/\/api.w.org\/{rel}","templated":true}]}}