{"id":18417,"date":"2010-05-05T00:00:00","date_gmt":"2010-05-05T03:00:00","guid":{"rendered":"https:\/\/www.cnbb.org.br\/coletiva-de-imprensa-desta-quarta-feira-05\/"},"modified":"2010-05-05T00:00:00","modified_gmt":"2010-05-05T03:00:00","slug":"coletiva-de-imprensa-desta-quarta-feira-05","status":"publish","type":"post","link":"https:\/\/www.cnbb.org.br\/coletiva-de-imprensa-desta-quarta-feira-05\/","title":{"rendered":"Coletiva de imprensa desta quarta-feira, 05"},"content":{"rendered":"<p style=\"text-align: justify\"><strong>1 \u2013 Dom Adriano Ciocca Vasino<\/strong><\/p>\n<p style=\"text-align: justify\">\u00c9 bispo de Floresta (PE). Ele nasceu no dia 8 de julho de 1949 em Borgosesia, na It\u00e1lia. Sua ordena\u00e7\u00e3o episcopal aconteceu em 1999. Estudou filosofia no Semin\u00e1rio Filos\u00f3fico e Teol\u00f3gico San Gaudenzio, em Novara, na It\u00e1lia, e teologia no Studentato Teol\u00f3gico San Zeno, em Verona, tamb\u00e9m em sua terra natal. Ele \u00e9 membro da Comiss\u00e3o Episcopal para a Miss\u00e3o Continental.<\/p>\n<p style=\"text-align: justify\">\n<p><!--more--><\/p>\n<p style=\"text-align: justify\">2 \u2013 Dom Ang\u00e9lico S\u00e2ndalo Bernardino<\/p>\n<p style=\"text-align: justify\">O bispo em\u00e9rito de Blumenau (SC) \u00e9 paulista de Saltinho (SP). Ele nasceu no dia 19 de janeiro de 1933 e foi ordenado no dia 25 de janeiro de 1975.\u00a0 Formou-se em filosofia em Ipiranga (SP) e teologia em Viam\u00e3o, no Rio Grande do Sul. \u00c9 graduado tamb\u00e9m em jornalismo. Dom Ang\u00e9lico foi bispo da Regi\u00e3o Bel\u00e9m, S\u00e3o Miguel, Brasil\u00e2ndia, em S\u00e3o Paulo (SP). Foi tamb\u00e9m presidente do Regional Sul 1 da CNBB\u00a0 (S\u00e3o Paulo). Na 4\u00aa Confer\u00eancia dos Bispos da Am\u00e9rica Latina e Caribe, que aconteceu em Santo Domingo, ele foi eleito delegado. Exerceu a mesma fun\u00e7\u00e3o na Assembleia Especial do S\u00ednodo dos Bispos para a Am\u00e9rica, por elei\u00e7\u00e3o da Assembleia da CNBB e confirmado pelo papa Jo\u00e3o Paulo II (1997). Dom Ang\u00e9lico foi presidente do Regional Sul 4 (Santa Catarina) e delegado da V Confer\u00eancia Geral do Episcopado da Am\u00e9rica Latina e do Caribe (2007).<\/p>\n<p style=\"text-align: justify\"><strong>3 \u2013 Dom Erwin Krautler<\/strong><\/p>\n<p style=\"text-align: justify\">Bispo prelado do Xingu (PA), desde 1981, dom Erwin \u00e9 austr\u00edaco de Koblach. Ele nasceu em 12 de julho de 1939. Formou-se em filosofia, teologia e se especializou em filosofia na \u00c1ustria. Foi presidente do Conselho Indigenista Mission\u00e1rio (Cimi) entre os anos 1983 e 1991, cargo que exerce atualmente; delegado \u00e0 Assembleia Especial do S\u00ednodo dos Bispos para a Am\u00e9rica por elei\u00e7\u00e3o da Assembleia da CNBB e pelo papa Jo\u00e3o Paulo II, em 1997. Foi ainda delegado na V Confer\u00eancia Geral do Episcopado da Am\u00e9rica Latina e Caribe, que aconteceu em 2007, em Aparecida (SP).<\/p>\n","protected":false},"excerpt":{"rendered":"<p>1 \u2013 Dom Adriano Ciocca Vasino \u00c9 bispo de Floresta (PE). Ele nasceu no dia 8 de julho de 1949 em Borgosesia, na It\u00e1lia. Sua ordena\u00e7\u00e3o episcopal aconteceu em 1999. Estudou filosofia no Semin\u00e1rio Filos\u00f3fico e Teol\u00f3gico San Gaudenzio, em Novara, na It\u00e1lia, e teologia no Studentato Teol\u00f3gico San Zeno, em Verona, tamb\u00e9m em sua &hellip;<\/p>\n<p class=\"read-more\"> <a class=\"\" href=\"https:\/\/www.cnbb.org.br\/coletiva-de-imprensa-desta-quarta-feira-05\/\"> <span class=\"screen-reader-text\">Coletiva de imprensa desta quarta-feira, 05<\/span> Leia mais &raquo;<\/a><\/p>\n","protected":false},"author":83,"featured_media":18416,"comment_status":"open","ping_status":"open","sticky":false,"template":"","format":"standard","meta":{"site-sidebar-layout":"default","site-content-layout":"default","ast-global-header-display":"","ast-banner-title-visibility":"","ast-main-header-display":"","ast-hfb-above-header-display":"","ast-hfb-below-header-display":"","ast-hfb-mobile-header-display":"","site-post-title":"","ast-breadcrumbs-content":"","ast-featured-img":"","footer-sml-layout":"","theme-transparent-header-meta":"","adv-header-id-meta":"","stick-header-meta":"","header-above-stick-meta":"","header-main-stick-meta":"","header-below-stick-meta":""},"categories":[912],"tags":[],"acf":[],"_links":{"self":[{"href":"https:\/\/www.cnbb.org.br\/cnbb-app\/wp\/v2\/posts\/18417"}],"collection":[{"href":"https:\/\/www.cnbb.org.br\/cnbb-app\/wp\/v2\/posts"}],"about":[{"href":"https:\/\/www.cnbb.org.br\/cnbb-app\/wp\/v2\/types\/post"}],"author":[{"embeddable":true,"href":"https:\/\/www.cnbb.org.br\/cnbb-app\/wp\/v2\/users\/83"}],"replies":[{"embeddable":true,"href":"https:\/\/www.cnbb.org.br\/cnbb-app\/wp\/v2\/comments?post=18417"}],"version-history":[{"count":0,"href":"https:\/\/www.cnbb.org.br\/cnbb-app\/wp\/v2\/posts\/18417\/revisions"}],"wp:featuredmedia":[{"embeddable":true,"href":"https:\/\/www.cnbb.org.br\/cnbb-app\/wp\/v2\/media\/18416"}],"wp:attachment":[{"href":"https:\/\/www.cnbb.org.br\/cnbb-app\/wp\/v2\/media?parent=18417"}],"wp:term":[{"taxonomy":"category","embeddable":true,"href":"https:\/\/www.cnbb.org.br\/cnbb-app\/wp\/v2\/categories?post=18417"},{"taxonomy":"post_tag","embeddable":true,"href":"https:\/\/www.cnbb.org.br\/cnbb-app\/wp\/v2\/tags?post=18417"}],"curies":[{"name":"wp","href":"https:\/\/api.w.org\/{rel}","templated":true}]}}