{"id":18418,"date":"2010-05-06T00:00:00","date_gmt":"2010-05-06T03:00:00","guid":{"rendered":"https:\/\/www.cnbb.org.br\/coletiva-de-imprensa-desta-quinta-feira-06\/"},"modified":"2010-05-06T00:00:00","modified_gmt":"2010-05-06T03:00:00","slug":"coletiva-de-imprensa-desta-quinta-feira-06","status":"publish","type":"post","link":"https:\/\/www.cnbb.org.br\/coletiva-de-imprensa-desta-quinta-feira-06\/","title":{"rendered":"Coletiva de imprensa desta quinta-feira, 06"},"content":{"rendered":"<p style=\"text-align: justify\"><strong>1 \u2013 Dom Jo\u00e3o Bosco Oliver de Faria<\/strong><\/p>\n<p style=\"text-align: justify\">Arcebispo de Diamantina (MG). Ele nasceu em 30 de outubro de 1939, em S\u00e3o Jo\u00e3o Del Rey (MG). Foi ordenado em 1987. Formou-se em filosofia em S\u00e3o Jo\u00e3o Del Rey e em teologia em Mariana (MG). Fez mestrado em teologia moral pela Academia Alfonsiana, de Roma, est\u00e1gio pastoral no Canad\u00e1 e Inglaterra e curso de bio\u00e9tica para bispos, em Roma. Dom Jo\u00e3o Bosco \u00e9 ainda membro da Equipe Nacional de Pastoral Familiar e respons\u00e1vel pela Pastoral Familiar no Regional Leste 2 da CNBB (Esp\u00edrito Santo e Minas Gerais).<\/p>\n<p><!--more--><\/p>\n<p style=\"text-align: justify\"><strong>2 \u2013 Dom Raymundo Damasceno Assis<\/strong><\/p>\n<p style=\"text-align: justify\">Nascido em 15 de fevereiro de 1937, em Capela Nova (MG), dom Damasceno \u00e9 arcebispo de Aparecida (SP). Sua ordena\u00e7\u00e3o episcopal aconteceu em Bras\u00edlia (DF), em 1986. Seus estudos foram feitos na cidade mineira de Mariana (filosofia), e na Pontif\u00edcia Universidade Gregoriana de Roma (teologia). Ele \u00e9 especialista em catequese, pelo Instituto Catequ\u00e9tico de M\u00fcnchen, Alemanha. Foi bispo auxiliar de Bras\u00edlia (1986 \u2013 2004), secret\u00e1rio geral do Conselho Episcopal Latino Americano (Celam), entre 1991 \u2013 1995, secret\u00e1rio geral da IV Confer\u00eancia Episcopal Latino-americana, que aconteceu em Santo Domingo; secret\u00e1rio geral da CNBB (1995 \u2013 1998) e (1999 \u2013 2003); delegado ao S\u00ednodo Especial para a \u00c1frica; delegado \u00e0 Assembleia Especial do S\u00ednodo dos Bispos para a Am\u00e9rica por elei\u00e7\u00e3o da Assembleia da CNBB e confirmado pelo papa Jo\u00e3o Paulo II (1997); membro do Pontif\u00edcio Conselho para as Comunica\u00e7\u00f5es; membro do Departamento de Comunica\u00e7\u00e3o do Celam; membro da Comiss\u00e3o para a Comunica\u00e7\u00e3o, Educa\u00e7\u00e3o e Cultura da CNBB (2003 \u2013 2007); delegado da V Confer\u00eancia Geral do Episcopado da Am\u00e9rica Latina e Caribe, em 2007.<\/p>\n<p style=\"text-align: justify\"><strong>3 \u2013 Dom Eduardo Benes de Sales Rodrigues<\/strong><\/p>\n<p style=\"text-align: justify\">O arcebispo de Sorocaba (SP) \u00e9 mineiro de Bias Fortes. Nasceu em 25 de junho de 1941. Estudou filosofia e teologia em Mariana (MG). Ele \u00e9 especialista em teologia dogm\u00e1tica. Dom Eduardo foi bispo auxiliar de Porto Alegre (RS) (1998 \u2013 2001); secret\u00e1rio do Regional Sul 3; bispo respons\u00e1vel pela juventude e da Comiss\u00e3o Nacional dos Presb\u00edteros (CNP) no Sul 3; respons\u00e1vel pela catequese e da Pastoral Familiar da arquidiocese de Porto Alegre. \u00c9 arcebispo de Sorocaba desde maio de 2005.<\/p>\n","protected":false},"excerpt":{"rendered":"<p>1 \u2013 Dom Jo\u00e3o Bosco Oliver de Faria Arcebispo de Diamantina (MG). Ele nasceu em 30 de outubro de 1939, em S\u00e3o Jo\u00e3o Del Rey (MG). Foi ordenado em 1987. Formou-se em filosofia em S\u00e3o Jo\u00e3o Del Rey e em teologia em Mariana (MG). Fez mestrado em teologia moral pela Academia Alfonsiana, de Roma, est\u00e1gio &hellip;<\/p>\n<p class=\"read-more\"> <a class=\"\" href=\"https:\/\/www.cnbb.org.br\/coletiva-de-imprensa-desta-quinta-feira-06\/\"> <span class=\"screen-reader-text\">Coletiva de imprensa desta quinta-feira, 06<\/span> Leia mais &raquo;<\/a><\/p>\n","protected":false},"author":83,"featured_media":18416,"comment_status":"open","ping_status":"open","sticky":false,"template":"","format":"standard","meta":{"site-sidebar-layout":"default","site-content-layout":"default","ast-global-header-display":"","ast-banner-title-visibility":"","ast-main-header-display":"","ast-hfb-above-header-display":"","ast-hfb-below-header-display":"","ast-hfb-mobile-header-display":"","site-post-title":"","ast-breadcrumbs-content":"","ast-featured-img":"","footer-sml-layout":"","theme-transparent-header-meta":"","adv-header-id-meta":"","stick-header-meta":"","header-above-stick-meta":"","header-main-stick-meta":"","header-below-stick-meta":""},"categories":[912],"tags":[],"acf":[],"_links":{"self":[{"href":"https:\/\/www.cnbb.org.br\/cnbb-app\/wp\/v2\/posts\/18418"}],"collection":[{"href":"https:\/\/www.cnbb.org.br\/cnbb-app\/wp\/v2\/posts"}],"about":[{"href":"https:\/\/www.cnbb.org.br\/cnbb-app\/wp\/v2\/types\/post"}],"author":[{"embeddable":true,"href":"https:\/\/www.cnbb.org.br\/cnbb-app\/wp\/v2\/users\/83"}],"replies":[{"embeddable":true,"href":"https:\/\/www.cnbb.org.br\/cnbb-app\/wp\/v2\/comments?post=18418"}],"version-history":[{"count":0,"href":"https:\/\/www.cnbb.org.br\/cnbb-app\/wp\/v2\/posts\/18418\/revisions"}],"wp:featuredmedia":[{"embeddable":true,"href":"https:\/\/www.cnbb.org.br\/cnbb-app\/wp\/v2\/media\/18416"}],"wp:attachment":[{"href":"https:\/\/www.cnbb.org.br\/cnbb-app\/wp\/v2\/media?parent=18418"}],"wp:term":[{"taxonomy":"category","embeddable":true,"href":"https:\/\/www.cnbb.org.br\/cnbb-app\/wp\/v2\/categories?post=18418"},{"taxonomy":"post_tag","embeddable":true,"href":"https:\/\/www.cnbb.org.br\/cnbb-app\/wp\/v2\/tags?post=18418"}],"curies":[{"name":"wp","href":"https:\/\/api.w.org\/{rel}","templated":true}]}}