{"id":18482,"date":"2011-08-31T00:00:00","date_gmt":"2011-08-31T03:00:00","guid":{"rendered":"https:\/\/www.cnbb.org.br\/coletiva-de-imprensa-aborda-grito-dos-excluidos-2011\/"},"modified":"2011-08-31T00:00:00","modified_gmt":"2011-08-31T03:00:00","slug":"coletiva-de-imprensa-aborda-grito-dos-excluidos-2011","status":"publish","type":"post","link":"https:\/\/www.cnbb.org.br\/coletiva-de-imprensa-aborda-grito-dos-excluidos-2011\/","title":{"rendered":"Coletiva de imprensa aborda Grito dos Exclu\u00eddos 2011"},"content":{"rendered":"<p style=\"text-align: justify\">Para repercutir o tema do Grito dos Exclu\u00eddos deste ano, \u201cPela vida, grita a Terra&#8230; Por direitos, todos n\u00f3s!\u201d, a coordena\u00e7\u00e3o do evento promover\u00e1 nesta quinta-feira, dia 1\u00ba, na sede do Regional Sul 1 da CNBB (S\u00e3o Paulo), entrevista coletiva com o bispo de Jales (SP), dom Dem\u00e9trio Valentini e representantes de movimentos sociais, entre eles Ari Alberti, da Coordena\u00e7\u00e3o Nacional do Grito.<\/p>\n<p><!--more--><\/p>\n<p style=\"text-align: justify\">O chamado novo C\u00f3digo Florestal que tramita no Congresso ser\u00e1 um dos temas da coletiva. Segundo os organizadores do Grito, \u00e9 necess\u00e1rio que \u00e0s v\u00e9speras da Rio +20 (Confer\u00eancia das Na\u00e7\u00f5es Unidas sobre Desenvolvimento Sustent\u00e1vel, em 2012) as organiza\u00e7\u00f5es populares dos diversos setores se posicionem sobre estes temas t\u00e3o importantes.<\/p>\n<p style=\"text-align: justify\">O Grito dos Exclu\u00eddos \u00e9 um evento nacional, e em 2011 celebra sua 17\u00aa edi\u00e7\u00e3o. De 1\u00b0 a 7 de setembro ser\u00e3o realizadas a\u00e7\u00f5es, semin\u00e1rios e manifesta\u00e7\u00f5es em todo o pa\u00eds, a fim de afirmar que a vida deve estar em primeiro lugar.<\/p>\n<p style=\"text-align: justify\">Mais informa\u00e7\u00f5es: Assessoria de Imprensa. Falar com Alexania (11) 7023-8396 ou Aldesco (11) 8291-7013.<\/p>\n","protected":false},"excerpt":{"rendered":"<p>Para repercutir o tema do Grito dos Exclu\u00eddos deste ano, \u201cPela vida, grita a Terra&#8230; Por direitos, todos n\u00f3s!\u201d, a coordena\u00e7\u00e3o do evento promover\u00e1 nesta quinta-feira, dia 1\u00ba, na sede do Regional Sul 1 da CNBB (S\u00e3o Paulo), entrevista coletiva com o bispo de Jales (SP), dom Dem\u00e9trio Valentini e representantes de movimentos sociais, entre &hellip;<\/p>\n<p class=\"read-more\"> <a class=\"\" href=\"https:\/\/www.cnbb.org.br\/coletiva-de-imprensa-aborda-grito-dos-excluidos-2011\/\"> <span class=\"screen-reader-text\">Coletiva de imprensa aborda Grito dos Exclu\u00eddos 2011<\/span> Leia mais &raquo;<\/a><\/p>\n","protected":false},"author":83,"featured_media":18483,"comment_status":"open","ping_status":"open","sticky":false,"template":"","format":"standard","meta":{"site-sidebar-layout":"default","site-content-layout":"default","ast-global-header-display":"","ast-banner-title-visibility":"","ast-main-header-display":"","ast-hfb-above-header-display":"","ast-hfb-below-header-display":"","ast-hfb-mobile-header-display":"","site-post-title":"","ast-breadcrumbs-content":"","ast-featured-img":"","footer-sml-layout":"","theme-transparent-header-meta":"","adv-header-id-meta":"","stick-header-meta":"","header-above-stick-meta":"","header-main-stick-meta":"","header-below-stick-meta":""},"categories":[912],"tags":[],"acf":[],"_links":{"self":[{"href":"https:\/\/www.cnbb.org.br\/cnbb-app\/wp\/v2\/posts\/18482"}],"collection":[{"href":"https:\/\/www.cnbb.org.br\/cnbb-app\/wp\/v2\/posts"}],"about":[{"href":"https:\/\/www.cnbb.org.br\/cnbb-app\/wp\/v2\/types\/post"}],"author":[{"embeddable":true,"href":"https:\/\/www.cnbb.org.br\/cnbb-app\/wp\/v2\/users\/83"}],"replies":[{"embeddable":true,"href":"https:\/\/www.cnbb.org.br\/cnbb-app\/wp\/v2\/comments?post=18482"}],"version-history":[{"count":0,"href":"https:\/\/www.cnbb.org.br\/cnbb-app\/wp\/v2\/posts\/18482\/revisions"}],"wp:featuredmedia":[{"embeddable":true,"href":"https:\/\/www.cnbb.org.br\/cnbb-app\/wp\/v2\/media\/18483"}],"wp:attachment":[{"href":"https:\/\/www.cnbb.org.br\/cnbb-app\/wp\/v2\/media?parent=18482"}],"wp:term":[{"taxonomy":"category","embeddable":true,"href":"https:\/\/www.cnbb.org.br\/cnbb-app\/wp\/v2\/categories?post=18482"},{"taxonomy":"post_tag","embeddable":true,"href":"https:\/\/www.cnbb.org.br\/cnbb-app\/wp\/v2\/tags?post=18482"}],"curies":[{"name":"wp","href":"https:\/\/api.w.org\/{rel}","templated":true}]}}