{"id":18492,"date":"2012-04-24T00:00:00","date_gmt":"2012-04-24T03:00:00","guid":{"rendered":"https:\/\/www.cnbb.org.br\/bispos-falam-sobre-amazonia-congresso-missionario-e-nota-sobre-povos-tradicionais\/"},"modified":"2012-04-24T00:00:00","modified_gmt":"2012-04-24T03:00:00","slug":"bispos-falam-sobre-amazonia-congresso-missionario-e-nota-sobre-povos-tradicionais","status":"publish","type":"post","link":"https:\/\/www.cnbb.org.br\/bispos-falam-sobre-amazonia-congresso-missionario-e-nota-sobre-povos-tradicionais\/","title":{"rendered":"Quest\u00f5es sociais marcam a coletiva de imprensa desta ter\u00e7a-feira"},"content":{"rendered":"<p style=\"text-align: justify\">Na tarde de hoje, 24, aconteceu no Centro de Eventos Padre Vitor Coelho de Almeida, em Aparecida (SP), mais uma entrevista coletiva com a imprensa. Os bispos que falaram com a imprensa foram: o arcebispo em\u00e9rito de S\u00e3o Paulo e presidente da Comiss\u00e3o Episcopal para a Amaz\u00f4nia da CNBB, cardeal Cl\u00e1udio Hummes; o bispo de Balsas (MA) e presidente da Comiss\u00e3o Pastoral da Terra (CPT), dom Enem\u00e9sio Angelo Lazzaris e o bispo de Ponta Grossa (PR) e presidente da Comiss\u00e3o Episcopal Pastoral para a A\u00e7\u00e3o Mission\u00e1ria e Coopera\u00e7\u00e3o Intereclesial da CNBB, dom S\u00e9rgio Arthur Braschi.<\/p>\n<p><!--more--><\/p>\n<p style=\"text-align: justify\">Abrindo a coletiva, dom S\u00e9rgio Braschi destacou o 3\u00ba Congresso Mission\u00e1rio Nacional, que acontecer\u00e1 em Palmas (TO), de 12 a 15 de julho. Al\u00e9m disso, dom S\u00e9rgio ressaltou a participa\u00e7\u00e3o brasileira no 4\u00ba Congresso Americano Mission\u00e1rio e no 9\u00ba Congresso Mission\u00e1rio Latino-Americano (CAM 4 \u2013 Comla 9), a ser realizado na Venezuela, em novembro de 2013.<\/p>\n<p style=\"text-align: justify\">\u201cA Igreja \u00e9 essencialmente mission\u00e1ria, por isso destacamos o 3\u00ba Congresso Mission\u00e1rio Nacional, que tem como tema \u2018Discipulado mission\u00e1rio do Brasil para um mundo secularizado e pluricultural, \u00e0 luz do Vaticano II\u2019. Esse congresso tem a finalidade de rever a caminhada mission\u00e1ria no Brasil\u201d, disse dom S\u00e9rgio sobre o evento que acontecer\u00e1 em Palmas.<\/p>\n<p style=\"text-align: justify\">J\u00e1 o cardeal Cl\u00e1udio Hummes, presidente da Comiss\u00e3o Episcopal para a Amaz\u00f4nia, fez um relato de sua viagem mission\u00e1ria \u00e0 Amaz\u00f4nia, no \u00faltimo m\u00eas.<\/p>\n<p style=\"text-align: justify\">\u201cFiquei impressionado com a viagem que a Comiss\u00e3o para a Amaz\u00f4nia fez \u00e0quela regi\u00e3o. Pudemos ver com nossos pr\u00f3prios olhos as dificuldades enfrentadas por \u00e0quele povo. Pude perceber que a Igreja l\u00e1 ainda est\u00e1 florescendo. Visitei a diocese de S\u00e3o Gabriel da Cachoeira (AM), e fique encantado, pois, de acordo com informa\u00e7\u00f5es locais, a diocese \u00e9 formada por 98% de ind\u00edgenas. E a floresta, por l\u00e1, ainda \u00e9 intocada, com apenas 4% de desmatamento. Uma verdadeira beleza\u201d, destacou dom Cl\u00e1udio Hummes.<\/p>\n<p style=\"text-align: justify\">Dom Enem\u00e9sio Lazzaris apresentou aos jornalistas uma nota da CNBB sobre a defesa dos territ\u00f3rios e dos direitos dos povos ind\u00edgenas, quilombolas, pescadores artesanais e demais popula\u00e7\u00f5es tradicionais.<\/p>\n<p style=\"text-align: justify\">\u201cVivemos a realidade de dois \u2018Brasis\u2019, o que se vangloria com a realiza\u00e7\u00e3o de grandes obras e dos que s\u00e3o impactados por esses mega projetos, como \u00e9 o caso claro das pessoas que vivem a realidade da constru\u00e7\u00e3o da Usina Hidrel\u00e9trica de Belo Monte, em Altamira (PA)\u201d, ressaltou dom Enem\u00e9sio.<\/p>\n<p style=\"text-align: justify\"><strong>Perfil dos Bispos<\/strong><\/p>\n<p style=\"text-align: justify\"><strong>Cardeal Cl\u00e1udio Hummes<\/strong><\/p>\n<p style=\"text-align: justify\">Criado Cardeal do T\u00edtulo Presbiteral de Santo Ant\u00f4nio de P\u00e1dua na Via Merulana, em 21 de fevereiro de 2001, o arcebispo em\u00e9rito de S\u00e3o Paulo, dom Cla\u00fadio Hummes, nasceu em 8 de agosto de 1934, em Montenegro (RS). Atual presidente da Comiss\u00e3o Episcopal para a Amaz\u00f4nia da CNBB, tem por forma\u00e7\u00f5es Filosofia e teologia, com especializa\u00e7\u00e3o em Ecumenismo e doutorado em Filosofia, \u00e9 autor de diversas obras, e possui extensa trajet\u00f3ria de atividades no episcopado brasileiro. Foi arcebispo de S\u00e3o Paulo (1998-2006), membro da Comiss\u00e3o Episcopal Pastoral da CNBB, na Linha 5, Ecumenismo (1976-1978), e Linha 1, Leigos, Fam\u00edlia, Pastoral Urbana e Oper\u00e1ria (1979-1983).<\/p>\n<p style=\"text-align: justify\">O cardeal comp\u00f5em v\u00e1rias congrega\u00e7\u00f5es, dentre as quais, podemos citar para a Doutrina da F\u00e9; para o Culto Divino e a Disciplina dos Sacramentos; e para os Bispos. Atua, tamb\u00e9m, nos Pontif\u00edcios Conselhos, para os Leigos, para o di\u00e1logo Inter-religioso, \u201cCor Unum\u201d, e na Pontif\u00edcia Comiss\u00e3o paraa Am\u00e9rica Latina (CAL). \u00c9 membro dos Conselhos, Ordin\u00e1rio da Secretaria Geral dos S\u00ednodos dos Bispos, e de Cardeais para o Estudo dos problemas organizativos e econ\u00f4micos da Santa S\u00e9 e Pontif\u00edcia Comiss\u00e3o para a Am\u00e9rca Latina.<\/p>\n<p style=\"text-align: justify\"><strong>Dom Enem\u00e9zio Angelo Lazzaris<\/strong><\/p>\n<p style=\"text-align: justify\">Bispo de Balsas (MA) e presidente da Comiss\u00e3o Pastoral da Terra, dom Enem\u00e9sio nasceu em 19 de dezembro de 1948, em Sider\u00f3polis (SC). Sua ordena\u00e7\u00e3o Episcopal foi em 29 de mar\u00e7o de 2008, tamb\u00e9m, em Balsas. Por forma\u00e7\u00e3o \u00e9 fil\u00f3sofo, te\u00f3logo, e mestre em Teologia com especializa\u00e7\u00e3o em Espiritualidade na Teresianum, em Roma (1981-1983).<\/p>\n<p style=\"text-align: justify\">Em Belo Horizonte (MG), do per\u00edodo de 1974 a 1981, foi formador e promotor Vocacional, e de 1983 a 1989, foi diretor do Lar dos Meninos e do Semin\u00e1rio Dom Carlos Sterpi. Tamb\u00e9m atuou como diretor da Comunidade Instituto de Artes e Of\u00edcios Divina Provid\u00eancia no Rio de Janeiro (RJ), do per\u00edodo de 1997 a 1998. Foi superior Provincial da Prov\u00edncia Norte do Brasil, de 1998 a 2004.<\/p>\n<p style=\"text-align: justify\"><strong>Dom S\u00e9rgio Arthur Braschi<\/strong><\/p>\n<p style=\"text-align: justify\">Bispo de Ponta Grossa (PR) e presidente da Comiss\u00e3o Episcopal Pastoral para a A\u00e7\u00e3o Mission\u00e1ria e Coopera\u00e7\u00e3o Intereclesal da CNBB, dom S\u00e9rgio, nasceu em 03 de dezembro de 1948, em Curitiba (PR). Fil\u00f3sofo, te\u00f3logo, com especializa\u00e7\u00e3o em Licenciatura em Teologia Dogm\u00e1tica (Eclesiologia) pela Pontif\u00edcia Universidade Gregoriana, em Roma, It\u00e1lia.<\/p>\n<p style=\"text-align: justify\">Dentre in\u00fameras atividades foi diretor Espiritual do Semin\u00e1rio Menor S\u00e3o Jos\u00e9 (1974-1978); diretor Arquidiocesano de Voca\u00e7\u00f5es Sacerdotais (1974-1977); reitor dos semin\u00e1rios, \u2018S\u00e3o Jos\u00e9\u2019 (1979-1981) e \u2018Rainha dos Ap\u00f3stolos\u2019 (1982-1986). Foi membro do conselho Presbiteral e do Col\u00e9gio dos Consultores (1983-1986 e 1994-1998). Do per\u00edodo de 1993 a 1996, coordenou a Pastoral na \u00e1rea de periferia de Curitiba (PR).<\/p>\n","protected":false},"excerpt":{"rendered":"<p>Na tarde de hoje, 24, aconteceu no Centro de Eventos Padre Vitor Coelho de Almeida, em Aparecida (SP), mais uma entrevista coletiva com a imprensa. Os bispos que falaram com a imprensa foram: o arcebispo em\u00e9rito de S\u00e3o Paulo e presidente da Comiss\u00e3o Episcopal para a Amaz\u00f4nia da CNBB, cardeal Cl\u00e1udio Hummes; o bispo de &hellip;<\/p>\n<p class=\"read-more\"> <a class=\"\" href=\"https:\/\/www.cnbb.org.br\/bispos-falam-sobre-amazonia-congresso-missionario-e-nota-sobre-povos-tradicionais\/\"> <span class=\"screen-reader-text\">Quest\u00f5es sociais marcam a coletiva de imprensa desta ter\u00e7a-feira<\/span> Leia mais &raquo;<\/a><\/p>\n","protected":false},"author":83,"featured_media":18493,"comment_status":"open","ping_status":"open","sticky":false,"template":"","format":"standard","meta":{"site-sidebar-layout":"default","site-content-layout":"default","ast-global-header-display":"","ast-banner-title-visibility":"","ast-main-header-display":"","ast-hfb-above-header-display":"","ast-hfb-below-header-display":"","ast-hfb-mobile-header-display":"","site-post-title":"","ast-breadcrumbs-content":"","ast-featured-img":"","footer-sml-layout":"","theme-transparent-header-meta":"","adv-header-id-meta":"","stick-header-meta":"","header-above-stick-meta":"","header-main-stick-meta":"","header-below-stick-meta":""},"categories":[912],"tags":[],"acf":[],"_links":{"self":[{"href":"https:\/\/www.cnbb.org.br\/cnbb-app\/wp\/v2\/posts\/18492"}],"collection":[{"href":"https:\/\/www.cnbb.org.br\/cnbb-app\/wp\/v2\/posts"}],"about":[{"href":"https:\/\/www.cnbb.org.br\/cnbb-app\/wp\/v2\/types\/post"}],"author":[{"embeddable":true,"href":"https:\/\/www.cnbb.org.br\/cnbb-app\/wp\/v2\/users\/83"}],"replies":[{"embeddable":true,"href":"https:\/\/www.cnbb.org.br\/cnbb-app\/wp\/v2\/comments?post=18492"}],"version-history":[{"count":0,"href":"https:\/\/www.cnbb.org.br\/cnbb-app\/wp\/v2\/posts\/18492\/revisions"}],"wp:featuredmedia":[{"embeddable":true,"href":"https:\/\/www.cnbb.org.br\/cnbb-app\/wp\/v2\/media\/18493"}],"wp:attachment":[{"href":"https:\/\/www.cnbb.org.br\/cnbb-app\/wp\/v2\/media?parent=18492"}],"wp:term":[{"taxonomy":"category","embeddable":true,"href":"https:\/\/www.cnbb.org.br\/cnbb-app\/wp\/v2\/categories?post=18492"},{"taxonomy":"post_tag","embeddable":true,"href":"https:\/\/www.cnbb.org.br\/cnbb-app\/wp\/v2\/tags?post=18492"}],"curies":[{"name":"wp","href":"https:\/\/api.w.org\/{rel}","templated":true}]}}