{"id":18503,"date":"2012-05-28T00:00:00","date_gmt":"2012-05-28T03:00:00","guid":{"rendered":"https:\/\/www.cnbb.org.br\/declaracao-diretor-da-sala-de-imprensa-sobre-inquerito-pela-fuga-de-documentos\/"},"modified":"2012-05-28T00:00:00","modified_gmt":"2012-05-28T03:00:00","slug":"declaracao-diretor-da-sala-de-imprensa-sobre-inquerito-pela-fuga-de-documentos","status":"publish","type":"post","link":"https:\/\/www.cnbb.org.br\/declaracao-diretor-da-sala-de-imprensa-sobre-inquerito-pela-fuga-de-documentos\/","title":{"rendered":"Declara\u00e7\u00e3o diretor da Sala de Imprensa sobre inqu\u00e9rito pela fuga de documentos"},"content":{"rendered":"<p style=\"text-align: justify\">O padre Federico Lombardi, diretor da Sala de Imprensa do Vaticano, deixou aos jornalistas, na manh\u00e3 dso s\u00e1bado, 26 de maio, uma declara\u00e7\u00e3o a respeito da pris\u00e3o de um assistente do Papa amplamente divulgado pela imprensa.<\/p>\n<p><!--more--><\/p>\n<p style=\"text-align: justify\">Eis a declara\u00e7\u00e3o do Diretor:<\/p>\n<p style=\"text-align: justify\">&#8220;Confirmo que a pessoa presa na \u00faltima quarta-feira \u00e0 noite, porque na posse il\u00edcita de documentos reservados, encontrados em seu apartamento no territ\u00f3rio vaticano, \u00e9 o senhor Paolo Gabriele, que continua ainda detido. Terminou a primeira fase do &#8216;inqu\u00e9rito preliminar&#8217; sob a dire\u00e7\u00e3o do Promoter de Justi\u00e7a, prof. Nicola Picardi, e iniciou a fase do &#8216;inqu\u00e9rito formal&#8217; aos cuidados do Juiz instrutor, prof. Antonio Bonnet. O acusado nomeou dois advogados de sua confian\u00e7a, habilitados a atuarem junto ao tribunal vaticano, e teve a possibilidade de se encontrar com eles. Os advogados poder\u00e3o ajuda-los nas sucessivas fases do processo. Ele goza de todas as garantias jur\u00eddicas previstas pelos c\u00f3digos pela e processual penal em vigor no Estado da Cidade do Vaticano. A fase de inqu\u00e9rito continuar\u00e1 at\u00e9 que seja poss\u00edvel se ter um quadro adequado da situa\u00e7\u00e3o do acusado, depois disso o Juiz instrutor poder\u00e1 afirmar que \u00e9 inocente ou leva-lo ao tribunal&#8221;.<\/p>\n","protected":false},"excerpt":{"rendered":"<p>O padre Federico Lombardi, diretor da Sala de Imprensa do Vaticano, deixou aos jornalistas, na manh\u00e3 dso s\u00e1bado, 26 de maio, uma declara\u00e7\u00e3o a respeito da pris\u00e3o de um assistente do Papa amplamente divulgado pela imprensa.<\/p>\n","protected":false},"author":83,"featured_media":18504,"comment_status":"open","ping_status":"open","sticky":false,"template":"","format":"standard","meta":{"site-sidebar-layout":"default","site-content-layout":"default","ast-global-header-display":"","ast-banner-title-visibility":"","ast-main-header-display":"","ast-hfb-above-header-display":"","ast-hfb-below-header-display":"","ast-hfb-mobile-header-display":"","site-post-title":"","ast-breadcrumbs-content":"","ast-featured-img":"","footer-sml-layout":"","theme-transparent-header-meta":"","adv-header-id-meta":"","stick-header-meta":"","header-above-stick-meta":"","header-main-stick-meta":"","header-below-stick-meta":""},"categories":[912],"tags":[],"acf":[],"_links":{"self":[{"href":"https:\/\/www.cnbb.org.br\/cnbb-app\/wp\/v2\/posts\/18503"}],"collection":[{"href":"https:\/\/www.cnbb.org.br\/cnbb-app\/wp\/v2\/posts"}],"about":[{"href":"https:\/\/www.cnbb.org.br\/cnbb-app\/wp\/v2\/types\/post"}],"author":[{"embeddable":true,"href":"https:\/\/www.cnbb.org.br\/cnbb-app\/wp\/v2\/users\/83"}],"replies":[{"embeddable":true,"href":"https:\/\/www.cnbb.org.br\/cnbb-app\/wp\/v2\/comments?post=18503"}],"version-history":[{"count":0,"href":"https:\/\/www.cnbb.org.br\/cnbb-app\/wp\/v2\/posts\/18503\/revisions"}],"wp:featuredmedia":[{"embeddable":true,"href":"https:\/\/www.cnbb.org.br\/cnbb-app\/wp\/v2\/media\/18504"}],"wp:attachment":[{"href":"https:\/\/www.cnbb.org.br\/cnbb-app\/wp\/v2\/media?parent=18503"}],"wp:term":[{"taxonomy":"category","embeddable":true,"href":"https:\/\/www.cnbb.org.br\/cnbb-app\/wp\/v2\/categories?post=18503"},{"taxonomy":"post_tag","embeddable":true,"href":"https:\/\/www.cnbb.org.br\/cnbb-app\/wp\/v2\/tags?post=18503"}],"curies":[{"name":"wp","href":"https:\/\/api.w.org\/{rel}","templated":true}]}}