{"id":18505,"date":"2012-06-08T00:00:00","date_gmt":"2012-06-08T03:00:00","guid":{"rendered":"https:\/\/www.cnbb.org.br\/arquidiocese-de-salvador-lanca-nota-sobre-eleicoes-municipais\/"},"modified":"2012-06-08T00:00:00","modified_gmt":"2012-06-08T03:00:00","slug":"arquidiocese-de-salvador-lanca-nota-sobre-eleicoes-municipais","status":"publish","type":"post","link":"https:\/\/www.cnbb.org.br\/arquidiocese-de-salvador-lanca-nota-sobre-eleicoes-municipais\/","title":{"rendered":"Arquidiocese de Salvador lan\u00e7a nota sobre elei\u00e7\u00f5es municipais"},"content":{"rendered":"<p style=\"text-align: justify\">Em entrevista coletiva realizada na tarde do \u00faltimo dia 6 de junho, o arcebispo de Salvador e Primaz do Brasil, dom Murilo Krieger, apresentou a nota da arquidiocese sobre as elei\u00e7\u00f5es municipais que ocorrer\u00e3o neste ano. O documento traz reflex\u00f5es sobre a import\u00e2ncia do voto para a constru\u00e7\u00e3o de uma realidade mais justa, e alerta para que as pessoas identifiquem se as propostas de cada partido pol\u00edtico e candidato s\u00e3o coerentes com os valores do bem comum.<\/p>\n<p><!--more--><\/p>\n<p style=\"text-align: justify\">Na ocasi\u00e3o, dom Murilo Krieger declarou que a iniciativa tem o objetivo de orientar para que o cidad\u00e3o saiba da import\u00e2ncia que a pol\u00edtica exerce em sua vida.<\/p>\n<p style=\"text-align: justify\">\u201cAs constantes not\u00edcias sobre corrup\u00e7\u00e3o e desonestidade na pol\u00edtica proporcionam desesperan\u00e7a \u00e0s pessoas. Mas quem colocou esses pol\u00edticos l\u00e1 fomos n\u00f3s, ent\u00e3o, vamos pensar melhor em nossos votos para que a situa\u00e7\u00e3o melhore. O que queremos mostrar \u00e9: seu voto \u00e9 importante e consiste num grande recurso \u00e0 sua disposi\u00e7\u00e3o. Portanto, use-o para o bem\u201d.<\/p>\n<p style=\"text-align: justify\">O documento deixa claro que a Igreja n\u00e3o tem inten\u00e7\u00e3o de favorecer nenhum candidato, mas despertar um senso cr\u00edtico em rela\u00e7\u00e3o ao que ser\u00e1 proposto durante as campanhas eleitorais.<\/p>\n<p style=\"text-align: justify\">\u201cProcuramos divulgar esta nota antes do lan\u00e7amento dos candidatos justamente porque a Igreja n\u00e3o possui nenhum v\u00ednculo partid\u00e1rio. O que queremos \u00e9 que a sociedade se torne mais vigilante e reivindique seus direitos quando for necess\u00e1rio\u201d, ponderou o arcebispo.<\/p>\n<p style=\"text-align: justify\">Dom Murilo ainda ressaltou que o material ser\u00e1 divulgado nos ve\u00edculos de comunica\u00e7\u00e3o da arquidiocese de Salvador e levado \u00e0s par\u00f3quias e comunidades para ser refletido.<\/p>\n","protected":false},"excerpt":{"rendered":"<p>Em entrevista coletiva realizada na tarde do \u00faltimo dia 6 de junho, o arcebispo de Salvador e Primaz do Brasil, dom Murilo Krieger, apresentou a nota da arquidiocese sobre as elei\u00e7\u00f5es municipais que ocorrer\u00e3o neste ano. O documento traz reflex\u00f5es sobre a import\u00e2ncia do voto para a constru\u00e7\u00e3o de uma realidade mais justa, e alerta &hellip;<\/p>\n<p class=\"read-more\"> <a class=\"\" href=\"https:\/\/www.cnbb.org.br\/arquidiocese-de-salvador-lanca-nota-sobre-eleicoes-municipais\/\"> <span class=\"screen-reader-text\">Arquidiocese de Salvador lan\u00e7a nota sobre elei\u00e7\u00f5es municipais<\/span> Leia mais &raquo;<\/a><\/p>\n","protected":false},"author":83,"featured_media":18506,"comment_status":"open","ping_status":"open","sticky":false,"template":"","format":"standard","meta":{"site-sidebar-layout":"default","site-content-layout":"default","ast-global-header-display":"","ast-banner-title-visibility":"","ast-main-header-display":"","ast-hfb-above-header-display":"","ast-hfb-below-header-display":"","ast-hfb-mobile-header-display":"","site-post-title":"","ast-breadcrumbs-content":"","ast-featured-img":"","footer-sml-layout":"","theme-transparent-header-meta":"","adv-header-id-meta":"","stick-header-meta":"","header-above-stick-meta":"","header-main-stick-meta":"","header-below-stick-meta":""},"categories":[912],"tags":[],"acf":[],"_links":{"self":[{"href":"https:\/\/www.cnbb.org.br\/cnbb-app\/wp\/v2\/posts\/18505"}],"collection":[{"href":"https:\/\/www.cnbb.org.br\/cnbb-app\/wp\/v2\/posts"}],"about":[{"href":"https:\/\/www.cnbb.org.br\/cnbb-app\/wp\/v2\/types\/post"}],"author":[{"embeddable":true,"href":"https:\/\/www.cnbb.org.br\/cnbb-app\/wp\/v2\/users\/83"}],"replies":[{"embeddable":true,"href":"https:\/\/www.cnbb.org.br\/cnbb-app\/wp\/v2\/comments?post=18505"}],"version-history":[{"count":0,"href":"https:\/\/www.cnbb.org.br\/cnbb-app\/wp\/v2\/posts\/18505\/revisions"}],"wp:featuredmedia":[{"embeddable":true,"href":"https:\/\/www.cnbb.org.br\/cnbb-app\/wp\/v2\/media\/18506"}],"wp:attachment":[{"href":"https:\/\/www.cnbb.org.br\/cnbb-app\/wp\/v2\/media?parent=18505"}],"wp:term":[{"taxonomy":"category","embeddable":true,"href":"https:\/\/www.cnbb.org.br\/cnbb-app\/wp\/v2\/categories?post=18505"},{"taxonomy":"post_tag","embeddable":true,"href":"https:\/\/www.cnbb.org.br\/cnbb-app\/wp\/v2\/tags?post=18505"}],"curies":[{"name":"wp","href":"https:\/\/api.w.org\/{rel}","templated":true}]}}