{"id":18513,"date":"2012-11-27T00:00:00","date_gmt":"2012-11-27T02:00:00","guid":{"rendered":"https:\/\/www.cnbb.org.br\/coletiva-de-imprensa-1\/"},"modified":"2012-11-27T00:00:00","modified_gmt":"2012-11-27T02:00:00","slug":"coletiva-de-imprensa-1","status":"publish","type":"post","link":"https:\/\/www.cnbb.org.br\/coletiva-de-imprensa-1\/","title":{"rendered":"Coletiva de Imprensa"},"content":{"rendered":"<p style=\"text-align: justify\">A Confer\u00eancia Nacional dos Bispos do Brasil (CNBB) convida a imprensa a participar, nesta quarta-feira, dia 28 de novembro, \u00e0s 11:30h, em sua sede em Bras\u00edlia (DF), da coletiva de imprensa que marca o encerramento das reuni\u00f5es do Conselho Episcopal Pastoral (Consep) do ano de 2012. A Presid\u00eancia da Confer\u00eancia apresentar\u00e1 o balan\u00e7o dos trabalhos realizados no encontro, e apresentar\u00e1 uma nota sobre a seca no Nordeste, calamidade que aflige milh\u00f5es de brasileiros e considerada por especialistas a pior estiagem em quatro d\u00e9cadas na regi\u00e3o.<\/p>\n<p><!--more--><\/p>\n<p style=\"text-align: justify\">Tamb\u00e9m foi destaque no encontro dos bispos os encaminhamentos para o Texto Base da Campanha da Fraternidade de 2014 que tratar\u00e1 do Tr\u00e1fico Humano.<\/p>\n<p style=\"text-align: justify\">Estar\u00e1 presente o presidente da CNBB, cardeal Raymundo Damasceno Assis, arcebispo de Aparecida (SP); e tamb\u00e9m o vice-presidente da Confer\u00eancia; dom Jos\u00e9 Belis\u00e1rio, arcebispo de S\u00e3o Lu\u00eds (MA) e o secret\u00e1rio geral, dom Leonardo Steiner, bispo auxiliar de Bras\u00edlia (DF).<\/p>\n<p style=\"text-align: justify\"><strong>Dia: Quarta-feira, 28 de novembro de 2012.<br \/>\nHora: 11:30h<br \/>\nLocal: Sede da CNBB<br \/>\nOutras informa\u00e7\u00f5es:<br \/>\nAssessoria de Imprensa &#8211; (61) 21038313 \/ 8119-3762<br \/>\nPadre Rafael Vieira \/ Irm\u00e3o Diego Joaquim \/ Rodrigo Eneas \/ Tha\u00eds Sprovieri.<\/strong><\/p>\n","protected":false},"excerpt":{"rendered":"<p>A Confer\u00eancia Nacional dos Bispos do Brasil (CNBB) convida a imprensa a participar, nesta quarta-feira, dia 28 de novembro, \u00e0s 11:30h, em sua sede em Bras\u00edlia (DF), da coletiva de imprensa que marca o encerramento das reuni\u00f5es do Conselho Episcopal Pastoral (Consep) do ano de 2012. A Presid\u00eancia da Confer\u00eancia apresentar\u00e1 o balan\u00e7o dos trabalhos &hellip;<\/p>\n<p class=\"read-more\"> <a class=\"\" href=\"https:\/\/www.cnbb.org.br\/coletiva-de-imprensa-1\/\"> <span class=\"screen-reader-text\">Coletiva de Imprensa<\/span> Leia mais &raquo;<\/a><\/p>\n","protected":false},"author":83,"featured_media":6771,"comment_status":"open","ping_status":"open","sticky":false,"template":"","format":"standard","meta":{"site-sidebar-layout":"default","site-content-layout":"default","ast-global-header-display":"","ast-banner-title-visibility":"","ast-main-header-display":"","ast-hfb-above-header-display":"","ast-hfb-below-header-display":"","ast-hfb-mobile-header-display":"","site-post-title":"","ast-breadcrumbs-content":"","ast-featured-img":"","footer-sml-layout":"","theme-transparent-header-meta":"","adv-header-id-meta":"","stick-header-meta":"","header-above-stick-meta":"","header-main-stick-meta":"","header-below-stick-meta":""},"categories":[912],"tags":[],"acf":[],"_links":{"self":[{"href":"https:\/\/www.cnbb.org.br\/cnbb-app\/wp\/v2\/posts\/18513"}],"collection":[{"href":"https:\/\/www.cnbb.org.br\/cnbb-app\/wp\/v2\/posts"}],"about":[{"href":"https:\/\/www.cnbb.org.br\/cnbb-app\/wp\/v2\/types\/post"}],"author":[{"embeddable":true,"href":"https:\/\/www.cnbb.org.br\/cnbb-app\/wp\/v2\/users\/83"}],"replies":[{"embeddable":true,"href":"https:\/\/www.cnbb.org.br\/cnbb-app\/wp\/v2\/comments?post=18513"}],"version-history":[{"count":0,"href":"https:\/\/www.cnbb.org.br\/cnbb-app\/wp\/v2\/posts\/18513\/revisions"}],"wp:featuredmedia":[{"embeddable":true,"href":"https:\/\/www.cnbb.org.br\/cnbb-app\/wp\/v2\/media\/6771"}],"wp:attachment":[{"href":"https:\/\/www.cnbb.org.br\/cnbb-app\/wp\/v2\/media?parent=18513"}],"wp:term":[{"taxonomy":"category","embeddable":true,"href":"https:\/\/www.cnbb.org.br\/cnbb-app\/wp\/v2\/categories?post=18513"},{"taxonomy":"post_tag","embeddable":true,"href":"https:\/\/www.cnbb.org.br\/cnbb-app\/wp\/v2\/tags?post=18513"}],"curies":[{"name":"wp","href":"https:\/\/api.w.org\/{rel}","templated":true}]}}