{"id":18560,"date":"2015-04-16T00:00:00","date_gmt":"2015-04-16T03:00:00","guid":{"rendered":"https:\/\/www.cnbb.org.br\/cnbb-convida-para-coletiva-de-imprensa-da-53-ag-2-dia\/"},"modified":"2015-04-16T00:00:00","modified_gmt":"2015-04-16T03:00:00","slug":"cnbb-convida-para-coletiva-de-imprensa-da-53-ag-2-dia","status":"publish","type":"post","link":"https:\/\/www.cnbb.org.br\/cnbb-convida-para-coletiva-de-imprensa-da-53-ag-2-dia\/","title":{"rendered":"CNBB convida para Coletiva de Imprensa  &#8211; 2\u00ba dia"},"content":{"rendered":"<p style=\"text-align: justify\">\n<p style=\"text-align: justify\"><span style=\"font-size: 12.1599998474121px;line-height: 1.3em\">A Confer\u00eancia Nacional dos Bispos do Brasil (CNBB) convida a imprensa para entrevista coletiva, nesta quinta-feira, 16 de abril, \u00e0s 15 horas, no Centro de Eventos Padre V\u00edtor Coelho, em Aparecida (SP).<\/span><\/p>\n<p><!--more--><\/p>\n<p style=\"text-align: justify\"><span style=\"font-size: 12.1599998474121px;line-height: 1.3em\">Atender\u00e3o a imprensa o arcebispo do Rio de Janeiro (RJ), cardeal Orani Jo\u00e3o Tempesta, que ir\u00e1 falar sobre a conjuntura social e eclesial; o bispo de Ca\u00e7ador (SC) e presidente da Comiss\u00e3o Episcopal para o Laicato, dom Severino Clasen, que tratar\u00e1 do tema priorit\u00e1rio da Assembleia, \u201cCrist\u00e3os Leigos e Leigas na Igreja e na Sociedade\u201d; e o bispo da prelazia do Xingu (PA) e presidente do Conselho Indigenista Mission\u00e1rio (Cimi), dom Erwin Krautler, que abordar\u00e1 a quest\u00e3o ind\u00edgena no Pa\u00eds.<\/span><\/p>\n<p style=\"text-align: justify\"><strong>Servi\u00e7o:<\/strong> Entrevista Coletiva \u00e0 Imprensa<br \/>\nAssuntos: Conjuntura Social e Eclesial; Crist\u00e3os Leigos e Quest\u00e3o Ind\u00edgena<br \/>\nBispos<br \/>\n&#8211; Cardeal Orani Jo\u00e3o Tempesta, arcebispo do Rio de Janeiro<br \/>\n&#8211; Dom Severino Clasen, bispo de Ca\u00e7ador e presidente da Comiss\u00e3o para o Laicato<br \/>\n&#8211; Dom Erwin Krautler, bispo da prelazia do Xingu e presidente do Cimi<\/p>\n<p><strong>Informa\u00e7\u00f5es<\/strong><br \/>\nHor\u00e1rio: 15h &#8211; Local: Sala de Coletiva \/ Centro de Eventos Pe. V\u00edtor Coelho<br \/>\nTransmiss\u00e3o, ao vivo, pela internet www.a12.com<br \/>\nAssessoria de Imprensa da CNBB &#8211; (12) 3104-3486 \/ (61) 8119-3762<\/p>\n<p style=\"text-align: justify\"><strong>Coordena\u00e7\u00e3o:<\/strong> Eliane Muniz<br \/>\n<strong>Jornalistas:<\/strong> Isabela Moment\u00e9, Paulo Giraldi, Maur\u00edcio Sant\u00b4Anna, Andr\u00e9a Moroni e Pe. Rafael Vieira.<br \/>\nAcompanhe a Assembleia nas redes sociais<\/p>\n<p style=\"text-align: justify\">Email: <a href=\"mailto:imprensa@cnbb.org.br\" target=\"_blank\" rel=\"noopener noreferrer\">imprensa@cnbb.org.br<\/a> Facebook: CNBBnacional \/ Twitter: @cnbbnacional<\/p>\n","protected":false},"excerpt":{"rendered":"<p>A Confer\u00eancia Nacional dos Bispos do Brasil (CNBB) convida a imprensa para entrevista coletiva, nesta quinta-feira, 16 de abril, \u00e0s 15 horas, no Centro de Eventos Padre V\u00edtor Coelho, em Aparecida (SP).<\/p>\n","protected":false},"author":83,"featured_media":18561,"comment_status":"open","ping_status":"open","sticky":false,"template":"","format":"standard","meta":{"site-sidebar-layout":"default","site-content-layout":"default","ast-global-header-display":"","ast-banner-title-visibility":"","ast-main-header-display":"","ast-hfb-above-header-display":"","ast-hfb-below-header-display":"","ast-hfb-mobile-header-display":"","site-post-title":"","ast-breadcrumbs-content":"","ast-featured-img":"","footer-sml-layout":"","theme-transparent-header-meta":"","adv-header-id-meta":"","stick-header-meta":"","header-above-stick-meta":"","header-main-stick-meta":"","header-below-stick-meta":""},"categories":[912],"tags":[],"acf":[],"_links":{"self":[{"href":"https:\/\/www.cnbb.org.br\/cnbb-app\/wp\/v2\/posts\/18560"}],"collection":[{"href":"https:\/\/www.cnbb.org.br\/cnbb-app\/wp\/v2\/posts"}],"about":[{"href":"https:\/\/www.cnbb.org.br\/cnbb-app\/wp\/v2\/types\/post"}],"author":[{"embeddable":true,"href":"https:\/\/www.cnbb.org.br\/cnbb-app\/wp\/v2\/users\/83"}],"replies":[{"embeddable":true,"href":"https:\/\/www.cnbb.org.br\/cnbb-app\/wp\/v2\/comments?post=18560"}],"version-history":[{"count":0,"href":"https:\/\/www.cnbb.org.br\/cnbb-app\/wp\/v2\/posts\/18560\/revisions"}],"wp:featuredmedia":[{"embeddable":true,"href":"https:\/\/www.cnbb.org.br\/cnbb-app\/wp\/v2\/media\/18561"}],"wp:attachment":[{"href":"https:\/\/www.cnbb.org.br\/cnbb-app\/wp\/v2\/media?parent=18560"}],"wp:term":[{"taxonomy":"category","embeddable":true,"href":"https:\/\/www.cnbb.org.br\/cnbb-app\/wp\/v2\/categories?post=18560"},{"taxonomy":"post_tag","embeddable":true,"href":"https:\/\/www.cnbb.org.br\/cnbb-app\/wp\/v2\/tags?post=18560"}],"curies":[{"name":"wp","href":"https:\/\/api.w.org\/{rel}","templated":true}]}}