{"id":18568,"date":"2015-10-29T00:00:00","date_gmt":"2015-10-29T02:00:00","guid":{"rendered":"https:\/\/www.cnbb.org.br\/presidencia-da-cnbb-apresenta-atividades-do-conselho-permanente\/"},"modified":"2015-10-29T00:00:00","modified_gmt":"2015-10-29T02:00:00","slug":"presidencia-da-cnbb-apresenta-atividades-do-conselho-permanente","status":"publish","type":"post","link":"https:\/\/www.cnbb.org.br\/presidencia-da-cnbb-apresenta-atividades-do-conselho-permanente\/","title":{"rendered":"Presid\u00eancia da CNBB apresenta temas discutidos pelo Conselho Permanente"},"content":{"rendered":"<p style=\"text-align: justify\">Em entrevista coletiva \u00e0 imprensa, bispos divulgaram nota sobre realidade sociopol\u00edtica do Brasil<\/p>\n<p><!--more--><\/p>\n<p style=\"text-align: justify\">Encerrada a reuni\u00e3o do Conselho Permanente da Confer\u00eancia Nacional dos Bispos do Brasil (CNBB), nesta quinta-feira, 28, a Presid\u00eancia da entidade concedeu entrevista coletiva \u00e0 imprensa. Atenderam a imprensa o arcebispo de Bras\u00edlia e presidente da CNBB, dom Sergio da Rocha; o arcebispo de Salvador (BA) e vice-presidente, dom Murilo Krieger; o bispo auxiliar de Bras\u00edlia e secret\u00e1rio geral, dom Leonardo Steiner. Na ocasi\u00e3o foram apresentados os temas abordados durante o encontro e divulgada a\u00a0<a href=\"imprensa\/notas-declaracoes-e-saudacoes-da-cnbb\/17571-cnbb-divulga-notas-sobre-a-realidade-sociopolitica-brasileira.html\">nota sobre \u201cA realidade sociopol\u00edtica brasileira \u2013 dificuldades e oportunidades\u201d.<\/a><\/p>\n<h3 style=\"text-align: justify\">Assembleia Geral<\/h3>\n<p style=\"text-align: justify\">O arcebispo de Bras\u00edlia e presidente da CNBB, dom Sergio da Rocha, falou sobre a prepara\u00e7\u00e3o para a 54\u00aa Assembleia Geral (AG) da Confer\u00eancia, que ser\u00e1 realizada, em Aparecida (SP), de 6 a 15 de abril de 2016. O Conselho Permanente definiu que a tem\u00e1tica central a ser debatida na AG\u00a0ser\u00e1 sobre os Crist\u00e3os Leigos e Leigas. \u201cN\u00f3s n\u00e3o temos ainda a formula\u00e7\u00e3o definitiva do tema central, mas a tem\u00e1tica \u00e9 \u2018Os crist\u00e3os leigos e leigas\u2019\u201d, explicou dom Sergio.<\/p>\n<p style=\"text-align: justify\"><strong>Laudato Si\u2019 e CFE 2016<\/strong><\/p>\n<p style=\"text-align: justify\">O Conselho Permanente da CNBB tamb\u00e9m refletiu durante a reuni\u00e3o a respeito da enc\u00edclica do papa Francisco, <em>Laudato Si<\/em>\u2019 \u2013 sobre o cuidado da casa comum. Os bispos falaram das\u00a0iniciativas voltadas \u00e0 preserva\u00e7\u00e3o do planeta e cuidado com a vida que est\u00e3o sendo desenvolvidas nas dioceses de todo o Brasil. Dom Sergio considerou que o tema j\u00e1 havia entrado na pauta de outra reuni\u00e3o do Conselho, realizada em junho, por ocasi\u00e3o do lan\u00e7amento do texto. \u201cDesta vez mais para saber o que j\u00e1 est\u00e1 se fazendo, quais s\u00e3o as iniciativas que est\u00e3o em andamento nas comunidades e eventualmente as sugest\u00f5es, j\u00e1 que o alcance desta enc\u00edclica \u00e9 muito grande e n\u00e3o se resume, n\u00e3o se reduz, \u00e0quilo que j\u00e1 conseguimos at\u00e9 agora\u201d, disse.<\/p>\n<p style=\"text-align: justify\">Neste contexto da proposta da enc\u00edclica, houve aprofundamento sobre a Campanha da Fraternidade de 2016, que ser\u00e1 ecum\u00eanica, realizada em parceria com o Conselho Nacional de Igrejas Crist\u00e3s. O tema \u201cCasa comum, nossa responsabilidade\u201d e o lema \u201cQuero ver o direito brotar como fonte e correr a justi\u00e7a qual riacho que n\u00e3o seca\u201d (Am\u00f3s 5, 24) nortear\u00e3o as reflex\u00f5es a respeito do saneamento b\u00e1sico, foco da campanha. Dom Sergio destacou o apoio da obra episcopal da Igreja Cat\u00f3lica da Alemanha para a coopera\u00e7\u00e3o ao desenvolvimento, a Misereor.<\/p>\n<h3 style=\"text-align: justify\">Ano da Miseric\u00f3rdia<\/h3>\n<p style=\"text-align: justify\">Na pauta do Conselho Permanente, o Ano da Miseric\u00f3rdia suscitou reflex\u00f5es e indica\u00e7\u00f5es de atividades. \u201cS\u00e3o muitas as iniciativas que est\u00e3o sendo propostas. Algumas em andamento e que depois ser\u00e3o revalorizadas durante o Ano da Miseric\u00f3rdia\u201d, salienta dom Sergio. O Ano da Miseric\u00f3rdia iniciar\u00e1 em\u00a08 de dezembro e prosseguir\u00e1 at\u00e9 20 de novembro de 2016.\u00a0Ser\u00e1 marcado tamb\u00e9m pela abertura das Portas Santas nas dioceses de todo o mundo, na data de 13 de dezembro. O tema \u00e9 \u201cSede misericordiosos como o Pai\u201d.<\/p>\n<h3 style=\"text-align: justify\">An\u00e1lise de Conjuntura<\/h3>\n<p style=\"text-align: justify\">A an\u00e1lise de conjuntura deste Conselho Permanente, no dia 27, foi conduzida pelo procurador-geral da Rep\u00fablica, Rodrigo Janot. Dom Sergio lembra que a presen\u00e7a foi uma resposta ao convite da CNBB. \u201cEle veio nos ajudar a entender melhor o\u00a0momento que n\u00f3s estamos vivendo, mas sobretudo, ressaltando este trabalho grande que tem sido feito pelo Minist\u00e9rio P\u00fablico Federal no combate \u00e0 corrup\u00e7\u00e3o\u201d, conta.<\/p>\n<p style=\"text-align: justify\">Segundo o arcebispo de Bras\u00edlia, Janot tratou do combate \u00e0 corrup\u00e7\u00e3o, das medidas e de iniciativas em andamento. &#8220;Sempre muito sol\u00edcito para os esclarecimentos que os senhores bispos quiseram fazer. N\u00f3s agradecemos publicamente a presen\u00e7a e a colabora\u00e7\u00e3o que ele prestou a n\u00f3s, foi valiosa, nos ajudando no nosso Conselho permanente\u201d, declara.<\/p>\n<h3 style=\"text-align: justify\">S\u00ednodo<\/h3>\n<p style=\"text-align: justify\">A 14\u00aa\u00a0Assembleia Ordin\u00e1ria do S\u00ednodo dos Bispos ocorreu de 4 a 25 de outubro. Na reuni\u00e3o do Conselho Permanente, dom Sergio e o bispo de Cama\u00e7ari (BA), dom Jo\u00e3o Carlos Petrini, que participaram da Assembleia\u00a0com padres sinodais de todo o mundo, apresentaram um relat\u00f3rio com suas impress\u00f5es a respeito dos debates que ocuparam o Vaticano nos \u00faltimos dias.<\/p>\n<p style=\"text-align: justify\">Dom Sergio indicou a leitura do documento publicado ao final do S\u00ednodo com as propostas oferecidas ao papa. Ele esclareceu, ainda, que em alguns temas os padres sinodais apontaram para as realidades das fam\u00edlias o discernimento, a integra\u00e7\u00e3o, a acolhida e a orienta\u00e7\u00e3o como as a\u00e7\u00f5es para serem tomadas e promovidas pela Igreja, mas tamb\u00e9m pediram ao papa uma palavra decis\u00f3ria a respeito das diversas realidades que envolvem aquelas em situa\u00e7\u00f5es mais delicadas.<\/p>\n<h3 style=\"text-align: justify\">Nota<\/h3>\n<p style=\"text-align: justify\">Ao final da entrevista foi divulgada a nota sobre a realidade sociopol\u00edtica brasileira \u2013 dificuldades e oportunidades. O texto manifesta, mais uma vez, o comprometimento da Confer\u00eancia \u201ccom a viv\u00eancia democr\u00e1tica e com os valores humanos, consciente de que \u00e9 dever da Igreja cooperar com a sociedade para a constru\u00e7\u00e3o do bem comum\u201d.<\/p>\n<p style=\"text-align: justify\">Partindo do momento de crise na atual conjuntura social e pol\u00edtica brasileira, a nota fala em assegurar a governabilidade do pa\u00eds, o que implica, segundo o texto, o adequado funcionamento dos tr\u00eas poderes, recuperar o crescimento sustent\u00e1vel, diminuir as desigualdades, exigir profundas transforma\u00e7\u00f5es na sa\u00fade e na educa\u00e7\u00e3o, ampliar a infraestrutura e cuidar das popula\u00e7\u00f5es mais vulner\u00e1veis.<\/p>\n<p style=\"text-align: justify\">O texto fala, ainda, que \u00e9 necess\u00e1rio aprofundar as conquistas sociais e, aos membros dos poderes, recusar \u201cterminantemente\u201d os mecanismos pol\u00edticos que, \u201cdisfar\u00e7ados de solu\u00e7\u00e3o, aprofundam a exclus\u00e3o social e alimentam a viol\u00eancia\u201d.<\/p>\n<p style=\"text-align: justify\">O texto, que pode ser acesso na \u00edntegra <a href=\"imprensa\/notas-declaracoes-e-saudacoes-da-cnbb\/17571-cnbb-divulga-notas-sobre-a-realidade-sociopolitica-brasileira.html\">aqui<\/a>, ressalta a busca pelo di\u00e1logo \u201centre todos os segmentos que legitimamente representam a sociedade\u201d, de modo que condicionem \u201ca supera\u00e7\u00e3o dos discursos de \u00f3dio, vingan\u00e7a, puni\u00e7\u00e3o e rotula\u00e7\u00e3o seletivas que geram um clima de permanente animosidade e conflito entre cidad\u00e3os e grupos sociais\u201d e a atua\u00e7\u00e3o dos \u00f3rg\u00e3os de combate \u00e0 corrup\u00e7\u00e3o. \u201cA contraposi\u00e7\u00e3o eficaz \u00e0 corrup\u00e7\u00e3o e \u00e0 sua impunidade exige, antes de mais nada, que o Estado cumpra com rigor e imparcialidade a sua fun\u00e7\u00e3o de punir igualmente tanto os corruptos como os corruptores, de acordo com os ditames da lei e as exig\u00eancias de justi\u00e7a\u201d, afirma a nota.<\/p>\n<h3 style=\"text-align: justify\">Conselho Permanente<\/h3>\n<p style=\"text-align: justify\">Participaram da reuni\u00e3o do Conselho Permanente a presid\u00eancia da CNBB, os presidentes das doze Comiss\u00f5es Episcopais Pastorais e os representantes dos Conselhos Episcopais Regionais.<\/p>\n<p style=\"text-align: justify\">\n","protected":false},"excerpt":{"rendered":"<p>Em entrevista coletiva \u00e0 imprensa, bispos divulgaram nota sobre realidade sociopol\u00edtica do Brasil<\/p>\n","protected":false},"author":83,"featured_media":18569,"comment_status":"open","ping_status":"open","sticky":false,"template":"","format":"standard","meta":{"site-sidebar-layout":"default","site-content-layout":"default","ast-global-header-display":"","ast-banner-title-visibility":"","ast-main-header-display":"","ast-hfb-above-header-display":"","ast-hfb-below-header-display":"","ast-hfb-mobile-header-display":"","site-post-title":"","ast-breadcrumbs-content":"","ast-featured-img":"","footer-sml-layout":"","theme-transparent-header-meta":"","adv-header-id-meta":"","stick-header-meta":"","header-above-stick-meta":"","header-main-stick-meta":"","header-below-stick-meta":""},"categories":[912],"tags":[],"acf":[],"_links":{"self":[{"href":"https:\/\/www.cnbb.org.br\/cnbb-app\/wp\/v2\/posts\/18568"}],"collection":[{"href":"https:\/\/www.cnbb.org.br\/cnbb-app\/wp\/v2\/posts"}],"about":[{"href":"https:\/\/www.cnbb.org.br\/cnbb-app\/wp\/v2\/types\/post"}],"author":[{"embeddable":true,"href":"https:\/\/www.cnbb.org.br\/cnbb-app\/wp\/v2\/users\/83"}],"replies":[{"embeddable":true,"href":"https:\/\/www.cnbb.org.br\/cnbb-app\/wp\/v2\/comments?post=18568"}],"version-history":[{"count":0,"href":"https:\/\/www.cnbb.org.br\/cnbb-app\/wp\/v2\/posts\/18568\/revisions"}],"wp:featuredmedia":[{"embeddable":true,"href":"https:\/\/www.cnbb.org.br\/cnbb-app\/wp\/v2\/media\/18569"}],"wp:attachment":[{"href":"https:\/\/www.cnbb.org.br\/cnbb-app\/wp\/v2\/media?parent=18568"}],"wp:term":[{"taxonomy":"category","embeddable":true,"href":"https:\/\/www.cnbb.org.br\/cnbb-app\/wp\/v2\/categories?post=18568"},{"taxonomy":"post_tag","embeddable":true,"href":"https:\/\/www.cnbb.org.br\/cnbb-app\/wp\/v2\/tags?post=18568"}],"curies":[{"name":"wp","href":"https:\/\/api.w.org\/{rel}","templated":true}]}}