{"id":18580,"date":"2016-04-06T00:00:00","date_gmt":"2016-04-06T03:00:00","guid":{"rendered":"https:\/\/www.cnbb.org.br\/dom-geraldo-lyrio-ressalta-importancia-do-leigo-na-vida-da-sociedade\/"},"modified":"2016-04-06T00:00:00","modified_gmt":"2016-04-06T03:00:00","slug":"dom-geraldo-lyrio-ressalta-importancia-do-leigo-na-vida-da-sociedade","status":"publish","type":"post","link":"https:\/\/www.cnbb.org.br\/dom-geraldo-lyrio-ressalta-importancia-do-leigo-na-vida-da-sociedade\/","title":{"rendered":"Bispos ressaltam import\u00e2ncia do leigo na vida da sociedade"},"content":{"rendered":"<p style=\"text-align: justify\">Arcebispo de Mariana e bispo de Campos apresentaram\u00a0tem\u00e1ticas da 54\u00aa AG \u00e0 imprensa<\/p>\n<p><!--more--><\/p>\n<p style=\"text-align: justify\">O arcebispo de Mariana (MG), dom Geraldo Lyrio Rocha, e o bispo de Campos (RJ), dom Roberto Francisco Ferrer\u00eda Paz, concederam entrevista coletiva \u00e0 imprensa na tarde deste primeiro dia da 54\u00aa Assembleia Geral (AG) da Confer\u00eancia Nacional dos Bispos do Brasil (CNBB). Neste momento com os jornalistas, os prelados apresentaram as atividades realizadas na sess\u00e3o matutina do encontro e assuntos que constam da programa\u00e7\u00e3o.<\/p>\n<p style=\"text-align: justify\">Dom Geraldo Lyrio Rocha destacou que a 54\u00aa AG se reveste de elementos de \u201cgrande interesse da vida interna da Igreja e da sociedade brasileira, especialmente neste momento t\u00e3o delicado, da conjuntura social, econ\u00f4mica, pol\u00edtica do nosso pa\u00eds\u201d, destacando que o tema central, \u201cCrist\u00e3os leigos e leigas na Igreja e na sociedade. Sal da terra e luz do mundo\u201d, \u00e9 uma esp\u00e9cie de resposta ao desafio enfrentado pela Igreja na sociedade.<\/p>\n<p style=\"text-align: justify\">\u201cClaro que n\u00f3s, os pastores, temos muito a dizer \u00e0 sociedade, temos uma miss\u00e3o muito espec\u00edfica no interior da Igreja, entretanto, n\u00e3o podemos nos esquecer que, se \u00e9 importante a presen\u00e7a do leigo na vida da Igreja, important\u00edssima \u00e9 a sua presen\u00e7a e atua\u00e7\u00e3o na sociedade. E na conjuntura em que n\u00f3s estamos vivendo, s\u00e3o os leigos e leigas que certamente v\u00e3o trazer a contribui\u00e7\u00e3o espec\u00edfica dos crist\u00e3os para o nosso pa\u00eds\u201d, observou dom Geraldo.<\/p>\n<p style=\"text-align: justify\">Dom Roberto Ferrer\u00eda Paz destacou as motiva\u00e7\u00f5es para o tema central. O Conc\u00edlio Vaticano II, que mostrou o papel do Laicato, os 25 anos da enc\u00edclica de s\u00e3o Jo\u00e3o Paulo II,\u00a0<em>Christifideles laici<\/em>, e agora, basicamente [a exorta\u00e7\u00e3o apost\u00f3lica]\u00a0<em>Evangelii Gaudium<\/em>, uma Igreja em sa\u00edda. \u201cEnt\u00e3o, se prop\u00f5e um laicato que seja sujeito, um laicato em sa\u00edda e que tenha protagonismo na Igreja e na evangeliza\u00e7\u00e3o\u201d, afirmou.<\/p>\n<p style=\"text-align: justify\">O arcebispo de Mariana tamb\u00e9m falou sobre a prepara\u00e7\u00e3o do terceiro volume da s\u00e9rie \u201cPensando o Brasil\u201d, que abordar\u00e1 as elei\u00e7\u00f5es municipais deste ano. O texto apresenta, de acordo com dom Geraldo, como os bispos pensam o Pa\u00eds e que contribui\u00e7\u00e3o podem oferecer dentro daquilo que \u00e9 da compet\u00eancia espec\u00edfica da Igreja e tamb\u00e9m diz respeito direto aos pastores.<\/p>\n<p style=\"text-align: justify\">\n<img decoding=\"async\" loading=\"lazy\" class=\" alignright size-full wp-image-28906\" style=\"float: right\" src=\"https:\/\/www.cnbb.org.br\/wp-content\/uploads\/2020\/03\/coletiva1dia.jpg\" alt=\"\" width=\"499\" height=\"349\" \/>Em sua fala, o bispo de Campos, que est\u00e1\u00a0no\u00a0grupo que prepara o texto sobre as elei\u00e7\u00f5es, tamb\u00e9m lamentou o acirramento da viol\u00eancia e da intoler\u00e2ncia \u201cbastante polarizada ou radicalizada na pol\u00edtica, especialmente no \u00e2mbito da internet e das redes sociais\u201d. Dom Ferrer\u00eda Paz contou que h\u00e1 um temor que no processo eleitoral haja, \u201ccom todo este panorama, de descr\u00e9dito ou \u00e0s vezes de acusa\u00e7\u00e3o leviana de toda a classe pol\u00edtica, um absentismo eleitoral bastante volumoso, expresso em voto em branco e voto nulo\u201d. O bispo considera necess\u00e1rio o reencantamento pela pol\u00edtica e o resgate da participa\u00e7\u00e3o dos crist\u00e3os no \u00e2mbito municipal.<\/p>\n<h3 style=\"text-align: justify\">Preocupa\u00e7\u00f5es<\/h3>\n<p style=\"text-align: justify\">Entre as tem\u00e1ticas que ser\u00e3o abordadas durante a 54\u00aa AG da CNBB, os entrevistados citaram a preocupa\u00e7\u00e3o do episcopado com as altera\u00e7\u00f5es no quadro religioso do Brasil, suas causas e componentes deste processo; a quest\u00e3o ind\u00edgena no Brasil, com as dificuldades na demarca\u00e7\u00e3o de terras; e a conjuntura nacional, sobre a qual ser\u00e1 divulgada uma declara\u00e7\u00e3o da Assembleia a respeito.<\/p>\n<p style=\"text-align: justify\">Os bispos que atenderam a imprensa tamb\u00e9m deram destaque \u00e0 apresenta\u00e7\u00e3o da declara\u00e7\u00e3o conjunta da Comiss\u00e3o Bilateral da Igreja Cat\u00f3lica e da Igreja Luterana sobre os 500 anos da Reforma Protestante \u201cDo conflito \u00e0 comunh\u00e3o\u201d.<\/p>\n<h3 style=\"text-align: justify\">Programa\u00e7\u00e3o<\/h3>\n<p style=\"text-align: justify\">Dentro da programa\u00e7\u00e3o da 54\u00aa AG, alguns temas ainda foram abordados pelos bispos. Previamente, citaram reflex\u00e3o sobre a enc\u00edclica do papa Francisco\u00a0<em>Laudato Si<\/em>\u2019 \u2013 sobre o cuidado da casa comum e sobre o Jubileu da Miseric\u00f3rdia; a prepara\u00e7\u00e3o para o Jubileu dos 300 anos do encontro da imagem de Nossa Senhora Aparecida e para o XVII Congresso Eucar\u00edstico, que acontecer\u00e1 em Bel\u00e9m (PA), no m\u00eas de agosto; comunica\u00e7\u00f5es sobre os jogos ol\u00edmpicos e paraol\u00edmpicos do Rio de Janeiro; e um\u00a0<em>Vade Macum<\/em>\u00a0sobre o processo de nulidade matrimonial.<\/p>\n","protected":false},"excerpt":{"rendered":"<p>Arcebispo de Mariana e bispo de Campos apresentaram\u00a0tem\u00e1ticas da 54\u00aa AG \u00e0 imprensa<\/p>\n","protected":false},"author":83,"featured_media":18581,"comment_status":"open","ping_status":"open","sticky":false,"template":"","format":"standard","meta":{"site-sidebar-layout":"default","site-content-layout":"default","ast-global-header-display":"","ast-banner-title-visibility":"","ast-main-header-display":"","ast-hfb-above-header-display":"","ast-hfb-below-header-display":"","ast-hfb-mobile-header-display":"","site-post-title":"","ast-breadcrumbs-content":"","ast-featured-img":"","footer-sml-layout":"","theme-transparent-header-meta":"","adv-header-id-meta":"","stick-header-meta":"","header-above-stick-meta":"","header-main-stick-meta":"","header-below-stick-meta":""},"categories":[912],"tags":[],"acf":[],"_links":{"self":[{"href":"https:\/\/www.cnbb.org.br\/cnbb-app\/wp\/v2\/posts\/18580"}],"collection":[{"href":"https:\/\/www.cnbb.org.br\/cnbb-app\/wp\/v2\/posts"}],"about":[{"href":"https:\/\/www.cnbb.org.br\/cnbb-app\/wp\/v2\/types\/post"}],"author":[{"embeddable":true,"href":"https:\/\/www.cnbb.org.br\/cnbb-app\/wp\/v2\/users\/83"}],"replies":[{"embeddable":true,"href":"https:\/\/www.cnbb.org.br\/cnbb-app\/wp\/v2\/comments?post=18580"}],"version-history":[{"count":0,"href":"https:\/\/www.cnbb.org.br\/cnbb-app\/wp\/v2\/posts\/18580\/revisions"}],"wp:featuredmedia":[{"embeddable":true,"href":"https:\/\/www.cnbb.org.br\/cnbb-app\/wp\/v2\/media\/18581"}],"wp:attachment":[{"href":"https:\/\/www.cnbb.org.br\/cnbb-app\/wp\/v2\/media?parent=18580"}],"wp:term":[{"taxonomy":"category","embeddable":true,"href":"https:\/\/www.cnbb.org.br\/cnbb-app\/wp\/v2\/categories?post=18580"},{"taxonomy":"post_tag","embeddable":true,"href":"https:\/\/www.cnbb.org.br\/cnbb-app\/wp\/v2\/tags?post=18580"}],"curies":[{"name":"wp","href":"https:\/\/api.w.org\/{rel}","templated":true}]}}