{"id":18601,"date":"2009-08-12T00:00:00","date_gmt":"2009-08-12T03:00:00","guid":{"rendered":"https:\/\/www.cnbb.org.br\/comissao-da-cnbb-participa-de-seminario-sobre-ecologia-no-equador\/"},"modified":"2020-03-11T21:37:36","modified_gmt":"2020-03-12T00:37:36","slug":"comissao-da-cnbb-participa-de-seminario-sobre-ecologia-no-equador","status":"publish","type":"post","link":"https:\/\/www.cnbb.org.br\/comissao-da-cnbb-participa-de-seminario-sobre-ecologia-no-equador\/","title":{"rendered":"Comiss\u00e3o da CNBB participa de Semin\u00e1rio sobre Ecologia, no Equador"},"content":{"rendered":"<p>A Comiss\u00e3o Episcopal Pastoral para o servi\u00e7o da Caridade, da Justi\u00e7a e da Paz, participou do Semin\u00e1rio sobre Ecologia: Ambiente, Economias e Povos da<\/p>\n<p>  <!--more-->  <\/p>\n<p>Am\u00e9rica Latina e do Caribe, evento convocado pelo Conselho Episcopal Latinoamericano (CELAM). Realizou-se nos dias 04 a 08 de agosto, em Quito, Equador.<\/p>\n<p>\u00a0<\/p>\n<p style=\"text-align: justify\">Estavam presentes 18 pa\u00edses e o Brasil foi representado por duas pessoas: Roberto Malvezzi da equipe do CELAM para Terra, \u00c1gua e Meio Ambiente e Lucimeire de F\u00e1tima da coordena\u00e7\u00e3o nacional da Comiss\u00e3o Pastoral da Terra (CPT).<\/p>\n<p style=\"text-align: justify\">\u201cFoi poss\u00edvel uma vis\u00e3o ampla do que se passa\u00a0 na Am\u00e9rica Latina em termos ecol\u00f3gicos, a a\u00e7\u00e3o do capital, a resist\u00eancia dos povos. Parece que vivemos no mesmo pa\u00eds, pela problem\u00e1tica t\u00e3o comum\u201d, afirmou Roberto Malvezzi.<\/p>\n<p style=\"text-align: justify\">O Documento de Aparecida ao assumir a \u201cdimens\u00e3o ecol\u00f3gica da miss\u00e3o\u201d tem suscitado esses novos espa\u00e7os e provocado grandes debates, pois segundo os participantes, percebe-se certo temor eclesial pela emerg\u00eancia real de novos sujeitos na Am\u00e9rica Latina e Caribe.<\/p>\n<h3 style=\"text-align: justify\"><a href=\"http:\/\/cnbbjoomla.sitesparresia.com\/wp-content\/uploads\/sites\/85\/2009\/08\/files_4a82d66e012bb.pdf\" target=\"_blank\" rel=\"noopener\">Leia a \u00edntegra da declara\u00e7\u00e3o final do Semin\u00e1rio em Espanhol.<\/a><\/h3>\n","protected":false},"excerpt":{"rendered":"<p>A Comiss\u00e3o Episcopal Pastoral para o servi\u00e7o da Caridade, da Justi\u00e7a e da Paz, participou do Semin\u00e1rio sobre Ecologia: Ambiente, Economias e Povos da<\/p>\n","protected":false},"author":83,"featured_media":0,"comment_status":"open","ping_status":"open","sticky":false,"template":"","format":"standard","meta":{"site-sidebar-layout":"default","site-content-layout":"default","ast-global-header-display":"","ast-banner-title-visibility":"","ast-main-header-display":"","ast-hfb-above-header-display":"","ast-hfb-below-header-display":"","ast-hfb-mobile-header-display":"","site-post-title":"","ast-breadcrumbs-content":"","ast-featured-img":"","footer-sml-layout":"","theme-transparent-header-meta":"","adv-header-id-meta":"","stick-header-meta":"","header-above-stick-meta":"","header-main-stick-meta":"","header-below-stick-meta":""},"categories":[784],"tags":[],"acf":[],"_links":{"self":[{"href":"https:\/\/www.cnbb.org.br\/cnbb-app\/wp\/v2\/posts\/18601"}],"collection":[{"href":"https:\/\/www.cnbb.org.br\/cnbb-app\/wp\/v2\/posts"}],"about":[{"href":"https:\/\/www.cnbb.org.br\/cnbb-app\/wp\/v2\/types\/post"}],"author":[{"embeddable":true,"href":"https:\/\/www.cnbb.org.br\/cnbb-app\/wp\/v2\/users\/83"}],"replies":[{"embeddable":true,"href":"https:\/\/www.cnbb.org.br\/cnbb-app\/wp\/v2\/comments?post=18601"}],"version-history":[{"count":0,"href":"https:\/\/www.cnbb.org.br\/cnbb-app\/wp\/v2\/posts\/18601\/revisions"}],"wp:attachment":[{"href":"https:\/\/www.cnbb.org.br\/cnbb-app\/wp\/v2\/media?parent=18601"}],"wp:term":[{"taxonomy":"category","embeddable":true,"href":"https:\/\/www.cnbb.org.br\/cnbb-app\/wp\/v2\/categories?post=18601"},{"taxonomy":"post_tag","embeddable":true,"href":"https:\/\/www.cnbb.org.br\/cnbb-app\/wp\/v2\/tags?post=18601"}],"curies":[{"name":"wp","href":"https:\/\/api.w.org\/{rel}","templated":true}]}}