{"id":18611,"date":"2010-01-05T00:00:00","date_gmt":"2010-01-05T02:00:00","guid":{"rendered":"https:\/\/www.cnbb.org.br\/paz-do-coracao-para-o-planeta-dia-mundial-da-paz-2010\/"},"modified":"2020-03-11T21:37:35","modified_gmt":"2020-03-12T00:37:35","slug":"paz-do-coracao-para-o-planeta-dia-mundial-da-paz-2010","status":"publish","type":"post","link":"https:\/\/www.cnbb.org.br\/paz-do-coracao-para-o-planeta-dia-mundial-da-paz-2010\/","title":{"rendered":"Paz: do cora\u00e7\u00e3o para o planeta &#8211; Dia mundial da Paz 2010"},"content":{"rendered":"<p style=\"text-align: justify\">No primeiro dia do ano, comemora-se o Dia Mundial da Paz. Esta iniciativa, j\u00e1 algum tempo, visa refletir e agir para que a paz aconte\u00e7a em todo o mundo, neste momento hist\u00f3rico em que estamos vivendo. Guerras, revolu\u00e7\u00f5es e conflitos entre povos, na\u00e7\u00f5es e culturas foram como que o estopim desta iniciativa humanit\u00e1ria. At\u00e9 os dias de hoje, infelizmente, n\u00e3o faltou motiva\u00e7\u00e3o para prosseguir e incentivar este evento t\u00e3o humanit\u00e1rio e necess\u00e1rio!<\/p>\n<div style=\"text-align: justify\"><!--more--><\/div>\n<p style=\"text-align: justify\">Neste ano de 2010, no XLIII Dia Mundial da Paz, surpreende-nos o tema proposto pelo Papa Bento XVI para esta celebra\u00e7\u00e3o: \u201cSe quiseres cultivar a paz, preserva a cria\u00e7\u00e3o\u201d! Certamente n\u00e3o faltam guerras e conflitos para motivar a busca da paz neste momento hist\u00f3rico. Entretanto, na reflex\u00e3o do Santo Padre, &#8211; como tamb\u00e9m da Igreja e de tantas pessoas de boa vontade \u2013 n\u00e3o faltam raz\u00f5es para se preocupar com a realidade do planeta, que suscita preocupa\u00e7\u00f5es para o hoje e o amanh\u00e3 do meio-ambiente e para a vida da popula\u00e7\u00e3o.<\/p>\n<p style=\"text-align: justify\">\u201cSe s\u00e3o numerosos os perigos que amea\u00e7am a paz e o aut\u00eantico desenvolvimento humano integral, devido \u00e0 desumanidade do homem para com seu semelhante \u2013 guerras, conflitos internacionais e regionais, atos terroristas e viola\u00e7\u00e3o dos direitos humanos -, n\u00e3o s\u00e3o menos preocupantes os perigos que derivam do desleixo, se n\u00e3o mesmo do abuso, em rela\u00e7\u00e3o \u00e0 terra e aos bens naturais que Deus nos concedeu\u201d (Mensagem do Papa, n. 1).<\/p>\n<p style=\"text-align: justify\">O desenvolvimento integral depende da rela\u00e7\u00e3o do homem com o ambiente natural, que n\u00e3o \u00e9 fruto do acaso, mas d\u00e1diva de Deus. Este tema j\u00e1 foi considerado por outros Papas. \u201cA paz mundial est\u00e1 amea\u00e7ada&#8230; tamb\u00e9m pela falta do respeito devido \u00e0 natureza\u201d. \u201cA consci\u00eancia ecol\u00f3gica n\u00e3o deve ser reprimida, mas antes favorecida at\u00e9 se chegar a programas e iniciativas concretas\u201d (Jo\u00e3o Paulo II, Mensagem, 1 de janeiro de 1990).<\/p>\n<p style=\"text-align: justify\">Hoje tal solidariedade ecol\u00f3gica torna-se ainda mais necess\u00e1ria. De fato Bento XVI reflete: \u201cPode-se porventura ficar indiferente perante as problem\u00e1ticas que derivam de fen\u00f4menos como as altera\u00e7\u00f5es clim\u00e1ticas, a desertifica\u00e7\u00e3o, o deterioramento e a perda de produtividade de vastas \u00e1reas agr\u00edcolas, a polui\u00e7\u00e3o dos rios e dos len\u00e7\u00f3is de \u00e1gua, a perda da biodiversidade, o aumento das calamidades naturais, o desflorestamento das \u00e1reas equatoriais e tropicais?\u201d (Mensagem do Papa, n. 4).<\/p>\n<p style=\"text-align: justify\">Esta frase do Papa toca na realidade que estamos vivendo hoje em dia. A Confer\u00eancia de Copenhague (7 a 18\/12\/2009, na Dinamarca) n\u00e3o foi capaz de apresentar respostas coerentes e un\u00e2nimes sobre o problema ecol\u00f3gico mundial. Percebe-se o perigo do superaquecimento global. Os interesses econ\u00f4micos em jogo dificultam um acordo ante uma amea\u00e7a t\u00e3o s\u00e9ria para a vida.<\/p>\n<p style=\"text-align: justify\">Para sentir o drama que estamos vivendo, \u00e9 s\u00f3 olhar o que acontece \u00e0 nossa volta. H\u00e1 lixo, embalagens pl\u00e1sticas, garrafas e pap\u00e9is jogadas em todo lugar: em nossas praias, nos canais, nas rodovias, nas ruas e espa\u00e7os reservados aos jardins e \u00e1reas verdes. Nossa Mata Atl\u00e2ntica, uma preciosidade ecol\u00f3gica de nossas encostas ao longo do litoral, est\u00e1 sendo invadida e privada de tantas esp\u00e9cies de plantas e flores dificilmente recuper\u00e1veis.<\/p>\n<p style=\"text-align: justify\">E o que dizer de nossos rios, lagos e represas onde s\u00e3o jogados lixo e materiais n\u00e3o mais usados? Mesmo as terras de nosso Interior s\u00e3o usadas para produ\u00e7\u00e3o agr\u00edcola, sim, mas seu cultivo \u00e9 todo feito por m\u00e1quinas que n\u00e3o respeitam o meio-ambiente e com a utiliza\u00e7\u00e3o de agentes qu\u00edmicos que n\u00e3o s\u00f3 prejudicam a natureza, mas que acabam contaminando at\u00e9 os produtos com agrot\u00f3xicos e adubos que s\u00e3o aut\u00eanticos venenos para a natureza e animais, sem falar das pessoas humanas.<\/p>\n<p style=\"text-align: justify\">E se pensarmos na Amaz\u00f4nia, vemos cada vez mais terras sendo invadidas, matas sendo derrubadas para explora\u00e7\u00e3o comercial, \u00e1guas e rios sendo cada vez mais polu\u00eddos e diminuindo de tamanho e capacidade de abrigar os peixes, acolher as aves preservar a vida e a cultura dos ribeirinhos e dos povos ind\u00edgenas.<\/p>\n<p style=\"text-align: justify\">\u201c\u00c9 decis\u00e3o sensata realizar uma profunda e clarividente do modelo de desenvolvimento e tamb\u00e9m refletir sobre o sentido da economia e dos seus objetivos, para corrigir suas disfun\u00e7\u00f5es e deturpa\u00e7\u00f5es. Exige-o o estado de sa\u00fade ecol\u00f3gico da terra; reclama-o tamb\u00e9m e sobretudo a crise cultural e moral do homem, cujos sintomas h\u00e1 muito tempo se manifestam por toda a parte\u201d(cfr Bento XVI, in Caritas in Veritate, n. 32).<\/p>\n<p style=\"text-align: justify\">\u201cA Igreja tem a sua parte de responsabilidade pela cria\u00e7\u00e3o e sente que que a deve exercer tamb\u00e9m no \u00e2mbito p\u00fablico, para defender a terra, a \u00e1gua e o ar, d\u00e1divas feitas por Deus Criador a todos, e antes de tudo para proteger o homem contra o perigo da destrui\u00e7\u00e3o de si mesmo\u201d (Mensagem do Papa, n. 12).<\/p>\n<p style=\"text-align: justify\">Nossa Diocese quer fazer sua parte na reflex\u00e3o, a\u00e7\u00e3o e ora\u00e7\u00e3o para que seja acolhido e vivido o premente apelo: \u201cSe quiseres cultiva a paz, preserva a cria\u00e7\u00e3o.<\/p>\n","protected":false},"excerpt":{"rendered":"<p>No primeiro dia do ano, comemora-se o Dia Mundial da Paz. Esta iniciativa, j\u00e1 algum tempo, visa refletir e agir para que a paz aconte\u00e7a em todo o mundo, neste momento hist\u00f3rico em que estamos vivendo. Guerras, revolu\u00e7\u00f5es e conflitos entre povos, na\u00e7\u00f5es e culturas foram como que o estopim desta iniciativa humanit\u00e1ria. At\u00e9 os &hellip;<\/p>\n<p class=\"read-more\"> <a class=\"\" href=\"https:\/\/www.cnbb.org.br\/paz-do-coracao-para-o-planeta-dia-mundial-da-paz-2010\/\"> <span class=\"screen-reader-text\">Paz: do cora\u00e7\u00e3o para o planeta &#8211; Dia mundial da Paz 2010<\/span> Leia mais &raquo;<\/a><\/p>\n","protected":false},"author":83,"featured_media":0,"comment_status":"open","ping_status":"open","sticky":false,"template":"","format":"standard","meta":{"site-sidebar-layout":"default","site-content-layout":"default","ast-global-header-display":"","ast-banner-title-visibility":"","ast-main-header-display":"","ast-hfb-above-header-display":"","ast-hfb-below-header-display":"","ast-hfb-mobile-header-display":"","site-post-title":"","ast-breadcrumbs-content":"","ast-featured-img":"","footer-sml-layout":"","theme-transparent-header-meta":"","adv-header-id-meta":"","stick-header-meta":"","header-above-stick-meta":"","header-main-stick-meta":"","header-below-stick-meta":""},"categories":[784],"tags":[],"acf":[],"_links":{"self":[{"href":"https:\/\/www.cnbb.org.br\/cnbb-app\/wp\/v2\/posts\/18611"}],"collection":[{"href":"https:\/\/www.cnbb.org.br\/cnbb-app\/wp\/v2\/posts"}],"about":[{"href":"https:\/\/www.cnbb.org.br\/cnbb-app\/wp\/v2\/types\/post"}],"author":[{"embeddable":true,"href":"https:\/\/www.cnbb.org.br\/cnbb-app\/wp\/v2\/users\/83"}],"replies":[{"embeddable":true,"href":"https:\/\/www.cnbb.org.br\/cnbb-app\/wp\/v2\/comments?post=18611"}],"version-history":[{"count":0,"href":"https:\/\/www.cnbb.org.br\/cnbb-app\/wp\/v2\/posts\/18611\/revisions"}],"wp:attachment":[{"href":"https:\/\/www.cnbb.org.br\/cnbb-app\/wp\/v2\/media?parent=18611"}],"wp:term":[{"taxonomy":"category","embeddable":true,"href":"https:\/\/www.cnbb.org.br\/cnbb-app\/wp\/v2\/categories?post=18611"},{"taxonomy":"post_tag","embeddable":true,"href":"https:\/\/www.cnbb.org.br\/cnbb-app\/wp\/v2\/tags?post=18611"}],"curies":[{"name":"wp","href":"https:\/\/api.w.org\/{rel}","templated":true}]}}