{"id":18624,"date":"2009-05-07T00:00:00","date_gmt":"2009-05-07T03:00:00","guid":{"rendered":"https:\/\/www.cnbb.org.br\/cardeal-hummes-faz-conferencia-sobre-o-ano-sacerdotal-no-colegio-pio-brasileiro-em-roma\/"},"modified":"2020-03-11T21:37:37","modified_gmt":"2020-03-12T00:37:37","slug":"cardeal-hummes-faz-conferencia-sobre-o-ano-sacerdotal-no-colegio-pio-brasileiro-em-roma","status":"publish","type":"post","link":"https:\/\/www.cnbb.org.br\/cardeal-hummes-faz-conferencia-sobre-o-ano-sacerdotal-no-colegio-pio-brasileiro-em-roma\/","title":{"rendered":"Cardeal Hummes faz conferencia sobre o \u201cAno Sacerdotal\u201d no Col\u00e9gio Pio Brasileiro, em Roma"},"content":{"rendered":"<p style=\"text-align: justify\">Cerca de 100 sacerdotes, religiosos e religiosas participaram na quarta feira, 06, em Roma, de uma conferencia realizada pelo cardeal prefeito da Congrega\u00e7\u00e3o para o Clero, dom Claudio Hummes, no Col\u00e9gio Pio Brasileiro. O tema do encontro foi \u201cA situa\u00e7\u00e3o dos Presb\u00edteros no mundo e o Ano Sacerdotal\u201d, como parte das celebra\u00e7\u00f5es do Ano Sacerdotal proposto pelo papa Bento XVI que ter\u00e1 inicio no pr\u00f3ximo dia 19 de junho em comemora\u00e7\u00e3o dos 150 anos da morte de S\u00e3o Jo\u00e3o Maria Vianney.<\/p>\n<p>  <!--more-->  <\/p>\n<p style=\"text-align: justify\">O cardeal pontuou entre os desafios para os presb\u00edteros de hoje a cultura p\u00f3s-moderna com seus aspectos pluriculturais, laicista, secularizado e relativista. Dom Claudio ressaltou que \u00e9 importante \u201cdescobrir os aspectos positivos sem se omitir no combate \u00e0s coisas negativas\u201d vivendo a voca\u00e7\u00e3o eclesial dentro da sociedade. Para ele \u201cao mesmo tempo em que somos frutos desta cultura ela tem reflexos em n\u00f3s como Igreja\u201d. \u201cA Igreja n\u00e3o pode parar na historia. A verdadeira tradi\u00e7\u00e3o deve significar um guardar aquilo que de bom recebemos das gera\u00e7\u00f5es anteriores e entreg\u00e1-lo a uma nova gera\u00e7\u00e3o que ir\u00e1 enriquec\u00ea-la\u201d, ressaltou.<\/p>\n<p style=\"text-align: justify\"><img decoding=\"async\" loading=\"lazy\" class=\" alignleft size-full wp-image-1730\" style=\"float: left\" src=\"https:\/\/www.cnbb.org.br\/wp-content\/uploads\/2020\/03\/img4a02d7ecdc50e.jpg\" width=\"314\" height=\"193\" \/>Entre os aspectos que devem ser refor\u00e7ados dom Claudio destacou a necessidade de se trabalhar a ades\u00e3o pessoal a Jesus Cristo, a missionariedade como forma de ser Igreja, a import\u00e2ncia de forma\u00e7\u00e3o permanente e afetividade como parte integral do minist\u00e9rio. Salientou ainda que o Ano Sacerdotal deva ser marcado por uma proposta positiva e propositiva. \u201cN\u00e3o queremos correr atr\u00e1s do joio, mas dar for\u00e7a ao trigo\u201d, afirmou. Para marcar o ano ser\u00e1 organizado um encontro mundial dos presb\u00edteros com o papa.<\/p>\n<p style=\"text-align: justify\">A conferencia foi conclu\u00edda com um espa\u00e7o para perguntas dos participantes e o agradecimento feito pelo novo reitor do Col\u00e9gio Pio Brasileiro, o jesu\u00edta e ex-presidente da Conferencia dos Religiosos do Brasil (CRB), padre Jo\u00e3o Roque Rohr.<\/p>\n<p style=\"text-align: justify\"><span style=\"font-size: 10pt\"><em>Colabora\u00e7\u00e3o: padre Arlindo Pereira Dias<\/em><\/span><\/p>\n","protected":false},"excerpt":{"rendered":"<p>Cerca de 100 sacerdotes, religiosos e religiosas participaram na quarta feira, 06, em Roma, de uma conferencia realizada pelo cardeal prefeito da Congrega\u00e7\u00e3o para o Clero, dom Claudio Hummes, no Col\u00e9gio Pio Brasileiro. O tema do encontro foi \u201cA situa\u00e7\u00e3o dos Presb\u00edteros no mundo e o Ano Sacerdotal\u201d, como parte das celebra\u00e7\u00f5es do Ano Sacerdotal &hellip;<\/p>\n<p class=\"read-more\"> <a class=\"\" href=\"https:\/\/www.cnbb.org.br\/cardeal-hummes-faz-conferencia-sobre-o-ano-sacerdotal-no-colegio-pio-brasileiro-em-roma\/\"> <span class=\"screen-reader-text\">Cardeal Hummes faz conferencia sobre o \u201cAno Sacerdotal\u201d no Col\u00e9gio Pio Brasileiro, em Roma<\/span> Leia mais &raquo;<\/a><\/p>\n","protected":false},"author":83,"featured_media":18625,"comment_status":"open","ping_status":"open","sticky":false,"template":"","format":"standard","meta":{"site-sidebar-layout":"default","site-content-layout":"default","ast-global-header-display":"","ast-banner-title-visibility":"","ast-main-header-display":"","ast-hfb-above-header-display":"","ast-hfb-below-header-display":"","ast-hfb-mobile-header-display":"","site-post-title":"","ast-breadcrumbs-content":"","ast-featured-img":"","footer-sml-layout":"","theme-transparent-header-meta":"","adv-header-id-meta":"","stick-header-meta":"","header-above-stick-meta":"","header-main-stick-meta":"","header-below-stick-meta":""},"categories":[784],"tags":[],"acf":[],"_links":{"self":[{"href":"https:\/\/www.cnbb.org.br\/cnbb-app\/wp\/v2\/posts\/18624"}],"collection":[{"href":"https:\/\/www.cnbb.org.br\/cnbb-app\/wp\/v2\/posts"}],"about":[{"href":"https:\/\/www.cnbb.org.br\/cnbb-app\/wp\/v2\/types\/post"}],"author":[{"embeddable":true,"href":"https:\/\/www.cnbb.org.br\/cnbb-app\/wp\/v2\/users\/83"}],"replies":[{"embeddable":true,"href":"https:\/\/www.cnbb.org.br\/cnbb-app\/wp\/v2\/comments?post=18624"}],"version-history":[{"count":0,"href":"https:\/\/www.cnbb.org.br\/cnbb-app\/wp\/v2\/posts\/18624\/revisions"}],"wp:featuredmedia":[{"embeddable":true,"href":"https:\/\/www.cnbb.org.br\/cnbb-app\/wp\/v2\/media\/18625"}],"wp:attachment":[{"href":"https:\/\/www.cnbb.org.br\/cnbb-app\/wp\/v2\/media?parent=18624"}],"wp:term":[{"taxonomy":"category","embeddable":true,"href":"https:\/\/www.cnbb.org.br\/cnbb-app\/wp\/v2\/categories?post=18624"},{"taxonomy":"post_tag","embeddable":true,"href":"https:\/\/www.cnbb.org.br\/cnbb-app\/wp\/v2\/tags?post=18624"}],"curies":[{"name":"wp","href":"https:\/\/api.w.org\/{rel}","templated":true}]}}