{"id":18627,"date":"2010-02-13T00:00:00","date_gmt":"2010-02-13T02:00:00","guid":{"rendered":"https:\/\/www.cnbb.org.br\/bispos-do-continente-americano-se-reunem-no-canada\/"},"modified":"2020-03-11T21:37:33","modified_gmt":"2020-03-12T00:37:33","slug":"bispos-do-continente-americano-se-reunem-no-canada","status":"publish","type":"post","link":"https:\/\/www.cnbb.org.br\/bispos-do-continente-americano-se-reunem-no-canada\/","title":{"rendered":"Bispos do continente americano se re\u00fanem no Canad\u00e1"},"content":{"rendered":"<p style=\"text-align: justify\">Montreal, no Canad\u00e1, foi sede do encontro anual da Igreja na Am\u00e9rica que reuniu mais de 20 bispos das Confer\u00eancias Episcopais do Canad\u00e1, Estados Unidos e da Am\u00e9rica Latina, al\u00e9m da dire\u00e7\u00e3o do Conselho Episcopal Latinoamericano (Celam). O presidente da Confer\u00eancia Nacional dos Bispos do Brasil, dom Geraldo Lyrio Rocha, tamb\u00e9m participou do encontro que terminou na quinta-feira, 11.<\/p>\n<p>  <!--more-->  <\/p>\n<p style=\"text-align: justify\">O encontro faz parte de uma s\u00e9rie de reuni\u00f5es informais que tiveram in\u00edcio em 1967. Conhecidos como Encontros Interamericanos de Bispos, os encontros passaram a se chamar Encontro dos Bispos da Igreja na Am\u00e9rica. A mudan\u00e7a de nome se deu ap\u00f3s reuni\u00e3o em Cuba, em 1999, tendo em vista a Exorta\u00e7\u00e3o Apost\u00f3lica Ecclesia in America, de Jo\u00e3o Paulo II.<\/p>\n<p style=\"text-align: justify\">Motivados pelo Ano Sacerdotal, convocado pelo papa Bento XVI em 2009, os bispos discutiram, no encontro deste ano, a situa\u00e7\u00e3o e os desafios que os padres enfrentam no dia a dia no continente americano.<\/p>\n<p style=\"text-align: justify\">Os prelados falaram tamb\u00e9m sobre a situa\u00e7\u00e3o tr\u00e1gica enfrentada pelo povo do Haiti que h\u00e1 um m\u00eas foi devastado por um terremoto que matou mais de 200 mil pessoas e deixou mais de um milh\u00e3o desabrigados. Em todos os pa\u00edses, as Igrejas t\u00eam se mobilizado para ajudar o povo haitiano.<\/p>\n<p style=\"text-align: justify\">\u00a0<\/p>\n","protected":false},"excerpt":{"rendered":"<p>Montreal, no Canad\u00e1, foi sede do encontro anual da Igreja na Am\u00e9rica que reuniu mais de 20 bispos das Confer\u00eancias Episcopais do Canad\u00e1, Estados Unidos e da Am\u00e9rica Latina, al\u00e9m da dire\u00e7\u00e3o do Conselho Episcopal Latinoamericano (Celam). O presidente da Confer\u00eancia Nacional dos Bispos do Brasil, dom Geraldo Lyrio Rocha, tamb\u00e9m participou do encontro que &hellip;<\/p>\n<p class=\"read-more\"> <a class=\"\" href=\"https:\/\/www.cnbb.org.br\/bispos-do-continente-americano-se-reunem-no-canada\/\"> <span class=\"screen-reader-text\">Bispos do continente americano se re\u00fanem no Canad\u00e1<\/span> Leia mais &raquo;<\/a><\/p>\n","protected":false},"author":83,"featured_media":0,"comment_status":"open","ping_status":"open","sticky":false,"template":"","format":"standard","meta":{"site-sidebar-layout":"default","site-content-layout":"default","ast-global-header-display":"","ast-banner-title-visibility":"","ast-main-header-display":"","ast-hfb-above-header-display":"","ast-hfb-below-header-display":"","ast-hfb-mobile-header-display":"","site-post-title":"","ast-breadcrumbs-content":"","ast-featured-img":"","footer-sml-layout":"","theme-transparent-header-meta":"","adv-header-id-meta":"","stick-header-meta":"","header-above-stick-meta":"","header-main-stick-meta":"","header-below-stick-meta":""},"categories":[784],"tags":[],"acf":[],"_links":{"self":[{"href":"https:\/\/www.cnbb.org.br\/cnbb-app\/wp\/v2\/posts\/18627"}],"collection":[{"href":"https:\/\/www.cnbb.org.br\/cnbb-app\/wp\/v2\/posts"}],"about":[{"href":"https:\/\/www.cnbb.org.br\/cnbb-app\/wp\/v2\/types\/post"}],"author":[{"embeddable":true,"href":"https:\/\/www.cnbb.org.br\/cnbb-app\/wp\/v2\/users\/83"}],"replies":[{"embeddable":true,"href":"https:\/\/www.cnbb.org.br\/cnbb-app\/wp\/v2\/comments?post=18627"}],"version-history":[{"count":0,"href":"https:\/\/www.cnbb.org.br\/cnbb-app\/wp\/v2\/posts\/18627\/revisions"}],"wp:attachment":[{"href":"https:\/\/www.cnbb.org.br\/cnbb-app\/wp\/v2\/media?parent=18627"}],"wp:term":[{"taxonomy":"category","embeddable":true,"href":"https:\/\/www.cnbb.org.br\/cnbb-app\/wp\/v2\/categories?post=18627"},{"taxonomy":"post_tag","embeddable":true,"href":"https:\/\/www.cnbb.org.br\/cnbb-app\/wp\/v2\/tags?post=18627"}],"curies":[{"name":"wp","href":"https:\/\/api.w.org\/{rel}","templated":true}]}}