{"id":18628,"date":"2010-02-18T00:00:00","date_gmt":"2010-02-18T02:00:00","guid":{"rendered":"https:\/\/www.cnbb.org.br\/colombia-aceita-logistica-brasileira-para-libertar-sequestrados\/"},"modified":"2020-03-11T21:37:33","modified_gmt":"2020-03-12T00:37:33","slug":"colombia-aceita-logistica-brasileira-para-libertar-sequestrados","status":"publish","type":"post","link":"https:\/\/www.cnbb.org.br\/colombia-aceita-logistica-brasileira-para-libertar-sequestrados\/","title":{"rendered":"Col\u00f4mbia aceita log\u00edstica brasileira para libertar sequestrados"},"content":{"rendered":"<p style=\"text-align: justify\">O governo da Col\u00f4mbia e a guerrilha das For\u00e7as Armadas Revolucion\u00e1rias da Col\u00f4mbia (Farc) aceitaram a log\u00edstica oferecida pelo Brasil para a liberta\u00e7\u00e3o de dois militares sequestrados e a entrega do corpo de um policial morto em cativeiro. A confirma\u00e7\u00e3o foi feita no dia 17, pela Igreja Cat\u00f3lica na Col\u00f4mbia.<\/p>\n<p>  <!--more-->  <\/p>\n<p style=\"text-align: justify\">O secret\u00e1rio geral da Confer\u00eancia Episcopal Colombiana, dom Juan Vicente C\u00f3rdoba, garantiu \u00e0 R\u00e1dio Caracol que as negocia\u00e7\u00f5es avan\u00e7aram com a aceita\u00e7\u00e3o da ajuda oferecida pelo governo brasileiro. Dom Vicente C\u00f3rdoba acrescentou que a defini\u00e7\u00e3o de outro pa\u00eds poderia complicar ainda mais as liberta\u00e7\u00f5es. &#8220;O Brasil j\u00e1 est\u00e1 presente nas quest\u00f5es log\u00edsticas com o Comit\u00ea Internacional da Cruz Vermelha (CICR), a quem cabe coordenar o caso\u201d, disse.<\/p>\n<p style=\"text-align: justify\">O prelado acrescentou que nos pr\u00f3ximos dias se realizar\u00e1 uma reuni\u00e3o entre as partes envolvidas para definir detalhes pr\u00e1ticos, como, por exemplo, o local da liberta\u00e7\u00e3o dos ref\u00e9ns.<\/p>\n<p style=\"text-align: justify\">O representante do Comit\u00ea Internacional da Cruz Vermelha (CICV), Christophe Beney, ap\u00f3s reuni\u00e3o com o ministro da Defesa colombiano, Gabriel Silva; o comandante das For\u00e7as Armadas, general Freddy Padilla; e o comiss\u00e1rio para a paz no pa\u00eds, Frank Pearl, confirmou o otimismo sobre a liberta\u00e7\u00e3o de dois militares, anunciadas pelas Farc em abril e junho de 2009.<\/p>\n<p style=\"text-align: justify\">Em declara\u00e7\u00f5es ao jornal &#8216;O Estado de S\u00e3o Paulo&#8217;, Beney disse que est\u00e3o \u201cobjetivamente otimistas de que todos os detalhes para essa opera\u00e7\u00e3o se re\u00fanam para que ela ocorra nos pr\u00f3ximos dias ou semanas, sem falar de datas obviamente\u201d, disse Beney, confirmando que o Brasil \u201cuma vez mais nos est\u00e1 fornecendo o apoio log\u00edstico, da mesma maneira que no ano passado\u201d.<\/p>\n<p style=\"text-align: justify\">Informa\u00e7\u00f5es: R\u00e1dio Vaticano<\/p>\n","protected":false},"excerpt":{"rendered":"<p>O governo da Col\u00f4mbia e a guerrilha das For\u00e7as Armadas Revolucion\u00e1rias da Col\u00f4mbia (Farc) aceitaram a log\u00edstica oferecida pelo Brasil para a liberta\u00e7\u00e3o de dois militares sequestrados e a entrega do corpo de um policial morto em cativeiro. A confirma\u00e7\u00e3o foi feita no dia 17, pela Igreja Cat\u00f3lica na Col\u00f4mbia.<\/p>\n","protected":false},"author":83,"featured_media":18629,"comment_status":"open","ping_status":"open","sticky":false,"template":"","format":"standard","meta":{"site-sidebar-layout":"default","site-content-layout":"default","ast-global-header-display":"","ast-banner-title-visibility":"","ast-main-header-display":"","ast-hfb-above-header-display":"","ast-hfb-below-header-display":"","ast-hfb-mobile-header-display":"","site-post-title":"","ast-breadcrumbs-content":"","ast-featured-img":"","footer-sml-layout":"","theme-transparent-header-meta":"","adv-header-id-meta":"","stick-header-meta":"","header-above-stick-meta":"","header-main-stick-meta":"","header-below-stick-meta":""},"categories":[784],"tags":[],"acf":[],"_links":{"self":[{"href":"https:\/\/www.cnbb.org.br\/cnbb-app\/wp\/v2\/posts\/18628"}],"collection":[{"href":"https:\/\/www.cnbb.org.br\/cnbb-app\/wp\/v2\/posts"}],"about":[{"href":"https:\/\/www.cnbb.org.br\/cnbb-app\/wp\/v2\/types\/post"}],"author":[{"embeddable":true,"href":"https:\/\/www.cnbb.org.br\/cnbb-app\/wp\/v2\/users\/83"}],"replies":[{"embeddable":true,"href":"https:\/\/www.cnbb.org.br\/cnbb-app\/wp\/v2\/comments?post=18628"}],"version-history":[{"count":0,"href":"https:\/\/www.cnbb.org.br\/cnbb-app\/wp\/v2\/posts\/18628\/revisions"}],"wp:featuredmedia":[{"embeddable":true,"href":"https:\/\/www.cnbb.org.br\/cnbb-app\/wp\/v2\/media\/18629"}],"wp:attachment":[{"href":"https:\/\/www.cnbb.org.br\/cnbb-app\/wp\/v2\/media?parent=18628"}],"wp:term":[{"taxonomy":"category","embeddable":true,"href":"https:\/\/www.cnbb.org.br\/cnbb-app\/wp\/v2\/categories?post=18628"},{"taxonomy":"post_tag","embeddable":true,"href":"https:\/\/www.cnbb.org.br\/cnbb-app\/wp\/v2\/tags?post=18628"}],"curies":[{"name":"wp","href":"https:\/\/api.w.org\/{rel}","templated":true}]}}