{"id":18630,"date":"2010-03-01T00:00:00","date_gmt":"2010-03-01T03:00:00","guid":{"rendered":"https:\/\/www.cnbb.org.br\/celam-alerta-governantes-para-as-problematicas-no-continente-americano\/"},"modified":"2020-03-11T21:37:33","modified_gmt":"2020-03-12T00:37:33","slug":"celam-alerta-governantes-para-as-problematicas-no-continente-americano","status":"publish","type":"post","link":"https:\/\/www.cnbb.org.br\/celam-alerta-governantes-para-as-problematicas-no-continente-americano\/","title":{"rendered":"CELAM alerta governantes para as problem\u00e1ticas no Continente Americano"},"content":{"rendered":"<p style=\"text-align: justify\">Aconteceu, em Bogot\u00e1, Col\u00f4mbia, de 7 a 10 de fevereiro, o Encontro Anual de Avalia\u00e7\u00e3o e Planejamento do Departamento de Justi\u00e7a e Solidariedade, do Conselho Episcopal Latino Americano (CELAM).<\/p>\n<p>  <!--more-->  <\/p>\n<p style=\"text-align: justify\">O Encontro serve para planejar as a\u00e7\u00f5es para o per\u00edodo de junho de 2010 a junho 2011. Ao t\u00e9rmino, foi redigida uma declara\u00e7\u00e3o assinada por todos os bispos do Departamento de Justi\u00e7a e Solidariedade do CELAM que participaram do evento, inclu\u00eddo seu presidente, o cardeal Julio Terrazas.<\/p>\n<p style=\"text-align: justify\">Segundo a declara\u00e7\u00e3o final, o encontro serviu para alertar os dirigente mundiais para as problem\u00e1ticas em que vivem os pa\u00edses da America Latina e do Caribe em rela\u00e7\u00e3o \u00e0s crises econ\u00f4micas e de mudan\u00e7as clim\u00e1ticas.<\/p>\n<p style=\"text-align: justify\"><a href=\"http:\/\/cnbbjoomla.sitesparresia.com\/wp-content\/uploads\/sites\/85\/2010\/03\/Declarao_CELAM.pdf\" target=\"_blank\" rel=\"noopener\">Leia a \u00edntegra da declara\u00e7\u00e3o em espanhol clicando aqui.<\/a><\/p>\n","protected":false},"excerpt":{"rendered":"<p>Aconteceu, em Bogot\u00e1, Col\u00f4mbia, de 7 a 10 de fevereiro, o Encontro Anual de Avalia\u00e7\u00e3o e Planejamento do Departamento de Justi\u00e7a e Solidariedade, do Conselho Episcopal Latino Americano (CELAM).<\/p>\n","protected":false},"author":83,"featured_media":18631,"comment_status":"open","ping_status":"open","sticky":false,"template":"","format":"standard","meta":{"site-sidebar-layout":"default","site-content-layout":"default","ast-global-header-display":"","ast-banner-title-visibility":"","ast-main-header-display":"","ast-hfb-above-header-display":"","ast-hfb-below-header-display":"","ast-hfb-mobile-header-display":"","site-post-title":"","ast-breadcrumbs-content":"","ast-featured-img":"","footer-sml-layout":"","theme-transparent-header-meta":"","adv-header-id-meta":"","stick-header-meta":"","header-above-stick-meta":"","header-main-stick-meta":"","header-below-stick-meta":""},"categories":[784],"tags":[],"acf":[],"_links":{"self":[{"href":"https:\/\/www.cnbb.org.br\/cnbb-app\/wp\/v2\/posts\/18630"}],"collection":[{"href":"https:\/\/www.cnbb.org.br\/cnbb-app\/wp\/v2\/posts"}],"about":[{"href":"https:\/\/www.cnbb.org.br\/cnbb-app\/wp\/v2\/types\/post"}],"author":[{"embeddable":true,"href":"https:\/\/www.cnbb.org.br\/cnbb-app\/wp\/v2\/users\/83"}],"replies":[{"embeddable":true,"href":"https:\/\/www.cnbb.org.br\/cnbb-app\/wp\/v2\/comments?post=18630"}],"version-history":[{"count":0,"href":"https:\/\/www.cnbb.org.br\/cnbb-app\/wp\/v2\/posts\/18630\/revisions"}],"wp:featuredmedia":[{"embeddable":true,"href":"https:\/\/www.cnbb.org.br\/cnbb-app\/wp\/v2\/media\/18631"}],"wp:attachment":[{"href":"https:\/\/www.cnbb.org.br\/cnbb-app\/wp\/v2\/media?parent=18630"}],"wp:term":[{"taxonomy":"category","embeddable":true,"href":"https:\/\/www.cnbb.org.br\/cnbb-app\/wp\/v2\/categories?post=18630"},{"taxonomy":"post_tag","embeddable":true,"href":"https:\/\/www.cnbb.org.br\/cnbb-app\/wp\/v2\/tags?post=18630"}],"curies":[{"name":"wp","href":"https:\/\/api.w.org\/{rel}","templated":true}]}}