{"id":18633,"date":"2010-03-02T00:00:00","date_gmt":"2010-03-02T03:00:00","guid":{"rendered":"https:\/\/www.cnbb.org.br\/bispos-debatem-a-situacao-das-minorias-catolicas-em-encontro-dos-presidentes-de-conferencias-episcopais-do-sudeste-europeu\/"},"modified":"2020-03-11T21:37:32","modified_gmt":"2020-03-12T00:37:32","slug":"bispos-debatem-a-situacao-das-minorias-catolicas-em-encontro-dos-presidentes-de-conferencias-episcopais-do-sudeste-europeu","status":"publish","type":"post","link":"https:\/\/www.cnbb.org.br\/bispos-debatem-a-situacao-das-minorias-catolicas-em-encontro-dos-presidentes-de-conferencias-episcopais-do-sudeste-europeu\/","title":{"rendered":"Bispos debatem a situa\u00e7\u00e3o das minorias cat\u00f3licas no sudeste europeu"},"content":{"rendered":"<p style=\"text-align: justify\">Aconteceu, entre os dias 25 e 28 de fevereiro, na Rep\u00fablica da Moldova, o 10\u00ba Encontro dos presidentes das confer\u00eancias episcopais do sudeste europeu. O evento contou com a participa\u00e7\u00e3o de bispos da Alb\u00e2nia, B\u00f3snia-Herzeg\u00f3vina, Bulg\u00e1ria, Rom\u00eania, Maced\u00f4nia, Montenegro, S\u00e9rvia, Turquia, Chipre e Moldova, que debateram a situa\u00e7\u00e3o das minorias cat\u00f3licas, seus direitos e deveres nestes pa\u00edses.<\/p>\n<p>  <!--more-->  <\/p>\n<p style=\"text-align: justify\">Em comunicado, os bispos recordaram que \u201cainda h\u00e1 muito por fazer\u201d na quest\u00e3o do reconhecimento das minorias religiosas. Quase 20 anos ap\u00f3s a queda dos regimes totalit\u00e1rios e n\u00e3o obstante as concordatas assinadas com a Santa S\u00e9 (com exce\u00e7\u00e3o da Turquia), ainda n\u00e3o h\u00e1 um pleno reconhecimento dos direitos da minoria cat\u00f3lica.<\/p>\n<p style=\"text-align: justify\">\u201cO instrumento jur\u00eddico n\u00e3o significa automaticamente justi\u00e7a e prote\u00e7\u00e3o dos direitos das minorias cat\u00f3licas; acordos e\/ou concordatas permanecem quase sempre no papel, e \u00e9 necess\u00e1rio lutar para coloc\u00e1-los na pr\u00e1tica\u201d, destaca o texto do comunicado.<\/p>\n<p style=\"text-align: justify\">\u201cEm alguns casos, as comunidades nem sequer est\u00e3o protegidas de viola\u00e7\u00f5es dos direitos humanos, quanto menos dos direitos ligados \u00e0 liberdade de religi\u00e3o e os direitos institucionais das Igrejas\u201d.<\/p>\n<p style=\"text-align: justify\">O primeiro-ministro da Moldova, Vlad Filat, pronunciando-se no encontro e ressaltou o papel que a minoria cat\u00f3lica pode representar na \u201creconstru\u00e7\u00e3o do tecido social e dos valores\u201d do pa\u00eds. Em resposta, os bispos insistiram que a Igreja Cat\u00f3lica, ainda em situa\u00e7\u00e3o de minoria, \u201cn\u00e3o sente menos o dever de contribuir com o bem comum e o desenvolvimento integral das sociedades onde est\u00e1 presente, principalmente no campo da assist\u00eancia caritativa e nos debates sobre temas \u00e9ticos\u201d.<\/p>\n<p style=\"text-align: justify\">O pr\u00f3ximo encontro ficou marcado para mar\u00e7o de 2011, no Chipre, a convite do arcebispo Maronita, dom Youssef Soueif.<\/p>\n<p style=\"text-align: justify\">A Santa S\u00e9 foi representada pelo n\u00fancio apost\u00f3lico na Rom\u00eania e na Rep\u00fablica da Moldova, dom Francisco Javier Lozano, e o observador permanente da Santa S\u00e9 no Conselho da Europa, dom Aldo Giordano.<\/p>\n<p style=\"text-align: justify\">CNBB com R\u00e1dio Vaticano<\/p>\n","protected":false},"excerpt":{"rendered":"<p>Aconteceu, entre os dias 25 e 28 de fevereiro, na Rep\u00fablica da Moldova, o 10\u00ba Encontro dos presidentes das confer\u00eancias episcopais do sudeste europeu. O evento contou com a participa\u00e7\u00e3o de bispos da Alb\u00e2nia, B\u00f3snia-Herzeg\u00f3vina, Bulg\u00e1ria, Rom\u00eania, Maced\u00f4nia, Montenegro, S\u00e9rvia, Turquia, Chipre e Moldova, que debateram a situa\u00e7\u00e3o das minorias cat\u00f3licas, seus direitos e deveres &hellip;<\/p>\n<p class=\"read-more\"> <a class=\"\" href=\"https:\/\/www.cnbb.org.br\/bispos-debatem-a-situacao-das-minorias-catolicas-em-encontro-dos-presidentes-de-conferencias-episcopais-do-sudeste-europeu\/\"> <span class=\"screen-reader-text\">Bispos debatem a situa\u00e7\u00e3o das minorias cat\u00f3licas no sudeste europeu<\/span> Leia mais &raquo;<\/a><\/p>\n","protected":false},"author":83,"featured_media":18634,"comment_status":"open","ping_status":"open","sticky":false,"template":"","format":"standard","meta":{"site-sidebar-layout":"default","site-content-layout":"default","ast-global-header-display":"","ast-banner-title-visibility":"","ast-main-header-display":"","ast-hfb-above-header-display":"","ast-hfb-below-header-display":"","ast-hfb-mobile-header-display":"","site-post-title":"","ast-breadcrumbs-content":"","ast-featured-img":"","footer-sml-layout":"","theme-transparent-header-meta":"","adv-header-id-meta":"","stick-header-meta":"","header-above-stick-meta":"","header-main-stick-meta":"","header-below-stick-meta":""},"categories":[784],"tags":[],"acf":[],"_links":{"self":[{"href":"https:\/\/www.cnbb.org.br\/cnbb-app\/wp\/v2\/posts\/18633"}],"collection":[{"href":"https:\/\/www.cnbb.org.br\/cnbb-app\/wp\/v2\/posts"}],"about":[{"href":"https:\/\/www.cnbb.org.br\/cnbb-app\/wp\/v2\/types\/post"}],"author":[{"embeddable":true,"href":"https:\/\/www.cnbb.org.br\/cnbb-app\/wp\/v2\/users\/83"}],"replies":[{"embeddable":true,"href":"https:\/\/www.cnbb.org.br\/cnbb-app\/wp\/v2\/comments?post=18633"}],"version-history":[{"count":0,"href":"https:\/\/www.cnbb.org.br\/cnbb-app\/wp\/v2\/posts\/18633\/revisions"}],"wp:featuredmedia":[{"embeddable":true,"href":"https:\/\/www.cnbb.org.br\/cnbb-app\/wp\/v2\/media\/18634"}],"wp:attachment":[{"href":"https:\/\/www.cnbb.org.br\/cnbb-app\/wp\/v2\/media?parent=18633"}],"wp:term":[{"taxonomy":"category","embeddable":true,"href":"https:\/\/www.cnbb.org.br\/cnbb-app\/wp\/v2\/categories?post=18633"},{"taxonomy":"post_tag","embeddable":true,"href":"https:\/\/www.cnbb.org.br\/cnbb-app\/wp\/v2\/tags?post=18633"}],"curies":[{"name":"wp","href":"https:\/\/api.w.org\/{rel}","templated":true}]}}