{"id":18677,"date":"2010-07-15T00:00:00","date_gmt":"2010-07-15T03:00:00","guid":{"rendered":"https:\/\/www.cnbb.org.br\/o-encontro-dos-episcopados-lusofonos\/"},"modified":"2020-03-11T21:37:27","modified_gmt":"2020-03-12T00:37:27","slug":"o-encontro-dos-episcopados-lusofonos","status":"publish","type":"post","link":"https:\/\/www.cnbb.org.br\/o-encontro-dos-episcopados-lusofonos\/","title":{"rendered":"O encontro dos Episcopados Lus\u00f3fonos"},"content":{"rendered":"<p style=\"text-align: justify\">Estou chegando de viagem. Estive na Rep\u00fablica Democr\u00e1tica de S\u00e3o Tom\u00e9 e Pr\u00edncipe, onde participei de encontro de episcopados que falam a l\u00edngua portuguesa. Represent\u00e1vamos 7 das 9 na\u00e7\u00f5es da Europa, \u00c1sia, \u00c1frica e Am\u00e9rica que tiveram coloniza\u00e7\u00e3o lusa. De dois em dois anos acontece esse tipo de reuni\u00f5es, nas quais h\u00e1 interc\u00e2mbios de experi\u00eancias e busca de pistas para serem enfrentados desafios comuns. O tema desta vez foi a luta contra a pobreza em nossos lugares de origem.<\/p>\n<p>  <!--more-->  <\/p>\n<p style=\"text-align: justify\">Fiquei impressionado com a natureza de S\u00e3o Tom\u00e9, uma das duas ilhas que formam geograficamente o pa\u00eds sede do encontro. Na altura do Golfo de Guin\u00e9, teve seus momentos de import\u00e2ncia na \u00e9poca do com\u00e9rcio de escravos africanos que eram trazidos para o Brasil e, mais tarde, na produ\u00e7\u00e3o do melhor cacau do mundo. Atualmente, passa por dificuldades econ\u00f4micas e enfrenta graves problemas sociais. D. Manuel Ant\u00f4nio Santos, bispo local, fez quest\u00e3o de que conhec\u00eassemos as v\u00e1rias realidades do pa\u00eds. Almo\u00e7amos e conversamos demoradamente com o presidente da Rep\u00fablica; em outro dia, o fizemos com o primeiro ministro.<\/p>\n<p style=\"text-align: justify\">Visitamos alguns empreendimentos econ\u00f4micos. Estivemos nas obras sociais da Igreja. Participamos de celebra\u00e7\u00f5es lit\u00fargicas em v\u00e1rias comunidades. Sente-se muita vida ao lado do desejo de dar condi\u00e7\u00f5es dignas ao povo. Impressionou-nos a decad\u00eancia das fazendas de cacau acontecida ap\u00f3s a independ\u00eancia do pa\u00eds. O fato marcante foi uma visita que fizemos rapidamente a uma dessas fazendas, a \u201cRo\u00e7a Dona Augusta\u201d. Era ao entardecer e v\u00ednhamos de um hotel bel\u00edssimo erguido em pequena ilha, no Ilh\u00e9u das Rolas.<\/p>\n<p style=\"text-align: justify\">Entramos num ramal da rodovia e nos deparamos com um casario tipo senzala, onde havia gente que n\u00e3o acabava mais. A mis\u00e9ria saltou-nos aos olhos de maneira brutal e escancarada. Homens, mulheres, jovens, crian\u00e7as, idosos estavam l\u00e1 como multid\u00e3o faminta e desorientada. Uma jovem disse a um dos bispos:\u201dIsto n\u00e3o \u00e9 lugar para se viver; n\u00e3o sei por que minha m\u00e3e deu-me \u00e0 luz aqui\u201d. Outra senhora recomendou: \u201cDigam por a\u00ed que n\u00f3s estamos aqui\u201d. Era a imagem do desconsolo, da falta de esperan\u00e7a, da aus\u00eancia de expectativas.<\/p>\n<p style=\"text-align: justify\">Essa \u00e9 a situa\u00e7\u00e3o de S\u00e3o Tom\u00e9. Essa \u00e9 a situa\u00e7\u00e3o do Haiti e de tantas outras partes do mundo, inclusive de regi\u00f5es do Brasil. Foi uma tapa na cara. Ao voltar para o lugar do encontro, todos n\u00f3s \u00edamos cabisbaixos, pensativos, tristes. Hav\u00edamos visto o rosto de Deus em homens e mulheres como n\u00f3s, que t\u00eam os mesmos direitos de qualquer ser humano, que exigem ser considerados filhos de Deus como n\u00f3s, e que vivem com fome e em condi\u00e7\u00f5es indignas.<\/p>\n<p style=\"text-align: justify\">Como \u00e9 dif\u00edcil engolir que o Senhor seja assim maltratado em tantas pessoas! Discut\u00edamos a luta contra a mis\u00e9ria e ali nos confront\u00e1vamos com milhares de v\u00edtimas de injusti\u00e7as que geraram estruturas de fome. Lembrei-me do epis\u00f3dio evang\u00e9lico da multiplica\u00e7\u00e3o dos p\u00e3es e peixes (Mc 6,34-44). \u201cAssim que desembarcou, viu uma grande multid\u00e3o e ficou tomado de compaix\u00e3o por eles, pois estavam como ovelhas sem pastor.\u201d Jesus n\u00e3o ficou na compaix\u00e3o; partiu para atos concretos: \u201cEnsinava muitas coisas\u201d e multiplicou o 5 p\u00e3es e os 2 peixes.<\/p>\n<p style=\"text-align: justify\">A FAO, \u00f3rg\u00e3o da ONU para a alimenta\u00e7\u00e3o, fez os pa\u00edses assinarem um compromisso de erradica\u00e7\u00e3o da mis\u00e9ria em curto prazo, s\u00f3 que poucas coisas\u00a0 est\u00e3o acontecendo de concreto e as metas n\u00e3o acontecer\u00e3o. Ao pensar que um dos crit\u00e9rios a serem usados por Deus no julgamento final \u00e9 dar de comer a quem tem fome, fica a inquieta\u00e7\u00e3o de que a humanidade n\u00e3o receber\u00e1 a vida eterna.<\/p>\n<h4 style=\"text-align: right\">Dom Luiz Soares Vieira<\/h4>\n","protected":false},"excerpt":{"rendered":"<p>Estou chegando de viagem. Estive na Rep\u00fablica Democr\u00e1tica de S\u00e3o Tom\u00e9 e Pr\u00edncipe, onde participei de encontro de episcopados que falam a l\u00edngua portuguesa. Represent\u00e1vamos 7 das 9 na\u00e7\u00f5es da Europa, \u00c1sia, \u00c1frica e Am\u00e9rica que tiveram coloniza\u00e7\u00e3o lusa. De dois em dois anos acontece esse tipo de reuni\u00f5es, nas quais h\u00e1 interc\u00e2mbios de experi\u00eancias &hellip;<\/p>\n<p class=\"read-more\"> <a class=\"\" href=\"https:\/\/www.cnbb.org.br\/o-encontro-dos-episcopados-lusofonos\/\"> <span class=\"screen-reader-text\">O encontro dos Episcopados Lus\u00f3fonos<\/span> Leia mais &raquo;<\/a><\/p>\n","protected":false},"author":83,"featured_media":0,"comment_status":"open","ping_status":"open","sticky":false,"template":"","format":"standard","meta":{"site-sidebar-layout":"default","site-content-layout":"default","ast-global-header-display":"","ast-banner-title-visibility":"","ast-main-header-display":"","ast-hfb-above-header-display":"","ast-hfb-below-header-display":"","ast-hfb-mobile-header-display":"","site-post-title":"","ast-breadcrumbs-content":"","ast-featured-img":"","footer-sml-layout":"","theme-transparent-header-meta":"","adv-header-id-meta":"","stick-header-meta":"","header-above-stick-meta":"","header-main-stick-meta":"","header-below-stick-meta":""},"categories":[784],"tags":[],"acf":[],"_links":{"self":[{"href":"https:\/\/www.cnbb.org.br\/cnbb-app\/wp\/v2\/posts\/18677"}],"collection":[{"href":"https:\/\/www.cnbb.org.br\/cnbb-app\/wp\/v2\/posts"}],"about":[{"href":"https:\/\/www.cnbb.org.br\/cnbb-app\/wp\/v2\/types\/post"}],"author":[{"embeddable":true,"href":"https:\/\/www.cnbb.org.br\/cnbb-app\/wp\/v2\/users\/83"}],"replies":[{"embeddable":true,"href":"https:\/\/www.cnbb.org.br\/cnbb-app\/wp\/v2\/comments?post=18677"}],"version-history":[{"count":0,"href":"https:\/\/www.cnbb.org.br\/cnbb-app\/wp\/v2\/posts\/18677\/revisions"}],"wp:attachment":[{"href":"https:\/\/www.cnbb.org.br\/cnbb-app\/wp\/v2\/media?parent=18677"}],"wp:term":[{"taxonomy":"category","embeddable":true,"href":"https:\/\/www.cnbb.org.br\/cnbb-app\/wp\/v2\/categories?post=18677"},{"taxonomy":"post_tag","embeddable":true,"href":"https:\/\/www.cnbb.org.br\/cnbb-app\/wp\/v2\/tags?post=18677"}],"curies":[{"name":"wp","href":"https:\/\/api.w.org\/{rel}","templated":true}]}}