{"id":18682,"date":"2010-08-05T00:00:00","date_gmt":"2010-08-05T03:00:00","guid":{"rendered":"https:\/\/www.cnbb.org.br\/brasileiro-e-eleito-novo-superior-geral-dos-rogacionistas\/"},"modified":"2020-03-11T21:37:26","modified_gmt":"2020-03-12T00:37:26","slug":"brasileiro-e-eleito-novo-superior-geral-dos-rogacionistas","status":"publish","type":"post","link":"https:\/\/www.cnbb.org.br\/brasileiro-e-eleito-novo-superior-geral-dos-rogacionistas\/","title":{"rendered":"Padre brasileiro \u00e9 eleito Superior Geral dos Rogacionistas"},"content":{"rendered":"<p style=\"text-align: justify\">Na tarde da \u00faltima segunda-feira, 2, em Roma, It\u00e1lia, local do 11\u00ba Cap\u00edtulo Geral dos Rogacionistas, foi eleito o novo Superior Geral da Congrega\u00e7\u00e3o. O escolhido foi o padre brasileiro \u00c2ngelo Ademir Mezzari.<\/p>\n<p>  <!--more-->  <\/p>\n<p style=\"text-align: justify\">O 10\u00b0 Superior Geral dos Rogacionistas nasceu em Forquilhinha, munic\u00edpio pr\u00f3ximo a Crici\u00fama (SC), no dia 02 de abril de 1957. \u00c9 o primeiro de sete filhos. Ingressou no semin\u00e1rio com 11 anos. H\u00e1 oito estava \u00e0 frente da Prov\u00edncia Rogacionista Latino-americana (2002-2010). Seu segundo mandato de Provincial iria at\u00e9 outubro, quando se realizar\u00e1 o Cap\u00edtulo Provincial, em Jundia\u00ed (SP).<img decoding=\"async\" loading=\"lazy\" class=\" alignright size-full wp-image-5851\" style=\"float: right\" alt=\"Conselho_Superior_dos_Rogacionistas\" src=\"https:\/\/www.cnbb.org.br\/wp-content\/uploads\/2020\/03\/Conselho_Superior_dos_Rogacionistas.jpg\" width=\"550\" height=\"413\" \/><\/p>\n<p style=\"text-align: justify\">Ordenado sacerdote em 1984, padre \u00c2ngelo \u00e9 licenciado em Filosofia e Teologia, com especializa\u00e7\u00e3o em Teologia Dogm\u00e1tica. Tamb\u00e9m \u00e9 licenciado em Jornalismo. \u00c9 um dos fundadores do Instituto de Pastoral Vocacional (IPV), com sede em S\u00e3o Paulo.<\/p>\n<p style=\"text-align: justify\">Mais informa\u00e7\u00f5es: http:\/\/capitolo.rcj.org\/<\/p>\n","protected":false},"excerpt":{"rendered":"<p>Na tarde da \u00faltima segunda-feira, 2, em Roma, It\u00e1lia, local do 11\u00ba Cap\u00edtulo Geral dos Rogacionistas, foi eleito o novo Superior Geral da Congrega\u00e7\u00e3o. O escolhido foi o padre brasileiro \u00c2ngelo Ademir Mezzari.<\/p>\n","protected":false},"author":83,"featured_media":18683,"comment_status":"open","ping_status":"open","sticky":false,"template":"","format":"standard","meta":{"site-sidebar-layout":"default","site-content-layout":"default","ast-global-header-display":"","ast-banner-title-visibility":"","ast-main-header-display":"","ast-hfb-above-header-display":"","ast-hfb-below-header-display":"","ast-hfb-mobile-header-display":"","site-post-title":"","ast-breadcrumbs-content":"","ast-featured-img":"","footer-sml-layout":"","theme-transparent-header-meta":"","adv-header-id-meta":"","stick-header-meta":"","header-above-stick-meta":"","header-main-stick-meta":"","header-below-stick-meta":""},"categories":[784],"tags":[],"acf":[],"_links":{"self":[{"href":"https:\/\/www.cnbb.org.br\/cnbb-app\/wp\/v2\/posts\/18682"}],"collection":[{"href":"https:\/\/www.cnbb.org.br\/cnbb-app\/wp\/v2\/posts"}],"about":[{"href":"https:\/\/www.cnbb.org.br\/cnbb-app\/wp\/v2\/types\/post"}],"author":[{"embeddable":true,"href":"https:\/\/www.cnbb.org.br\/cnbb-app\/wp\/v2\/users\/83"}],"replies":[{"embeddable":true,"href":"https:\/\/www.cnbb.org.br\/cnbb-app\/wp\/v2\/comments?post=18682"}],"version-history":[{"count":0,"href":"https:\/\/www.cnbb.org.br\/cnbb-app\/wp\/v2\/posts\/18682\/revisions"}],"wp:featuredmedia":[{"embeddable":true,"href":"https:\/\/www.cnbb.org.br\/cnbb-app\/wp\/v2\/media\/18683"}],"wp:attachment":[{"href":"https:\/\/www.cnbb.org.br\/cnbb-app\/wp\/v2\/media?parent=18682"}],"wp:term":[{"taxonomy":"category","embeddable":true,"href":"https:\/\/www.cnbb.org.br\/cnbb-app\/wp\/v2\/categories?post=18682"},{"taxonomy":"post_tag","embeddable":true,"href":"https:\/\/www.cnbb.org.br\/cnbb-app\/wp\/v2\/tags?post=18682"}],"curies":[{"name":"wp","href":"https:\/\/api.w.org\/{rel}","templated":true}]}}