{"id":18717,"date":"2010-11-04T00:00:00","date_gmt":"2010-11-04T02:00:00","guid":{"rendered":"https:\/\/www.cnbb.org.br\/divulgada-a-programacao-do-2o-congresso-latino-americano-e-caribenho-do-diaconato-permanente\/"},"modified":"2020-03-11T21:37:22","modified_gmt":"2020-03-12T00:37:22","slug":"divulgada-a-programacao-do-2o-congresso-latino-americano-e-caribenho-do-diaconato-permanente","status":"publish","type":"post","link":"https:\/\/www.cnbb.org.br\/divulgada-a-programacao-do-2o-congresso-latino-americano-e-caribenho-do-diaconato-permanente\/","title":{"rendered":"Divulgada a programa\u00e7\u00e3o do 2\u00ba Congresso Latino-americano e caribenho do Diaconato Permanente"},"content":{"rendered":"<p style=\"text-align: justify\">Saiu <a title=\"l\" href=\"http:\/\/cnbbjoomla.sitesparresia.com\/wp-content\/uploads\/sites\/85\/2010\/11\/Horario_Provisional_II_Congreso_DP_2011.doc\" target=\"_blank\" rel=\"noopener\">a programa\u00e7\u00e3o<\/a> do 2\u00ba Congresso Latino-americano e caribenho do Diaconato Permanente. O evento, organizado pelo Departamento de Voca\u00e7\u00f5es e Minist\u00e9rios (DEVYM) do Conselho Episcopal Latino-Americano, vai ser realizado em Itaici, munic\u00edpio de Indaiatuba (SP), entre os dias 24 e 29 de maio de 2011.<\/p>\n<p>  <!--more-->  <\/p>\n<p style=\"text-align: justify\">As Confer\u00eancias devem inscrever os participantes diretamente no DEVYM, at\u00e9 o dia 25 de janeiro de 2011.<\/p>\n<p style=\"text-align: justify\">Durante os seis dias de encontro, os participantes ir\u00e3o refletir o lema \u201cOs di\u00e1conos: ap\u00f3stolos nas novas fronteiras (DA 208)\u201d. O objetivo geral do Congresso \u00e9 refletir sobre a realidade pastoral da Igreja e do Diaconato na Am\u00e9rica Latina e caribenha, escutando as indica\u00e7\u00f5es do esp\u00edrito santo em Aparecida, para fortalecer o apostolado dos di\u00e1conos na miss\u00e3o permanente das novas fronteiras.<\/p>\n<p style=\"text-align: justify\">Os desafios pastorais e a realidade cultural atual, al\u00e9m da partilha de experi\u00eancias significativas pastorais das diversas regi\u00f5es, bem como sugerir a\u00e7\u00f5es pastorais poss\u00edveis para di\u00e1conos em novas demandas da Miss\u00e3o Continental e novas fronteiras, ser\u00e3o destaques do Congresso.<\/p>\n<p style=\"text-align: justify\"><strong>Participa\u00e7\u00e3o<\/strong><\/p>\n<p style=\"text-align: justify\">Foram definidos os n\u00fameros de participantes para cada Confer\u00eancia Episcopal enviar ao Congresso. O Brasil ter\u00e1 a maior representa\u00e7\u00e3o com 100 participantes. Em seguida Paraguai e Argentina ter\u00e3o 30 representantes cada um. Ir\u00e3o participar tamb\u00e9m os pa\u00edses caribenhos (Antilhas, Cuba, Haiti, Porto Rico e Rep\u00fablica Dominicana), da Am\u00e9rica Central (Guatemala, El Salvador, Honduras, Nicaragua, Costa Rica e Panam\u00e1), com 5 pessoas por Confer\u00eancia. Na Am\u00e9rica do Sul, participar\u00e3o Argentina, Uruguai, Paraguai e Chile. Da Am\u00e9rica do Norte participa apenas o M\u00e9xico.<\/p>\n","protected":false},"excerpt":{"rendered":"<p>Saiu a programa\u00e7\u00e3o do 2\u00ba Congresso Latino-americano e caribenho do Diaconato Permanente. O evento, organizado pelo Departamento de Voca\u00e7\u00f5es e Minist\u00e9rios (DEVYM) do Conselho Episcopal Latino-Americano, vai ser realizado em Itaici, munic\u00edpio de Indaiatuba (SP), entre os dias 24 e 29 de maio de 2011.<\/p>\n","protected":false},"author":83,"featured_media":18718,"comment_status":"open","ping_status":"open","sticky":false,"template":"","format":"standard","meta":{"site-sidebar-layout":"default","site-content-layout":"default","ast-global-header-display":"","ast-banner-title-visibility":"","ast-main-header-display":"","ast-hfb-above-header-display":"","ast-hfb-below-header-display":"","ast-hfb-mobile-header-display":"","site-post-title":"","ast-breadcrumbs-content":"","ast-featured-img":"","footer-sml-layout":"","theme-transparent-header-meta":"","adv-header-id-meta":"","stick-header-meta":"","header-above-stick-meta":"","header-main-stick-meta":"","header-below-stick-meta":""},"categories":[784],"tags":[],"acf":[],"_links":{"self":[{"href":"https:\/\/www.cnbb.org.br\/cnbb-app\/wp\/v2\/posts\/18717"}],"collection":[{"href":"https:\/\/www.cnbb.org.br\/cnbb-app\/wp\/v2\/posts"}],"about":[{"href":"https:\/\/www.cnbb.org.br\/cnbb-app\/wp\/v2\/types\/post"}],"author":[{"embeddable":true,"href":"https:\/\/www.cnbb.org.br\/cnbb-app\/wp\/v2\/users\/83"}],"replies":[{"embeddable":true,"href":"https:\/\/www.cnbb.org.br\/cnbb-app\/wp\/v2\/comments?post=18717"}],"version-history":[{"count":0,"href":"https:\/\/www.cnbb.org.br\/cnbb-app\/wp\/v2\/posts\/18717\/revisions"}],"wp:featuredmedia":[{"embeddable":true,"href":"https:\/\/www.cnbb.org.br\/cnbb-app\/wp\/v2\/media\/18718"}],"wp:attachment":[{"href":"https:\/\/www.cnbb.org.br\/cnbb-app\/wp\/v2\/media?parent=18717"}],"wp:term":[{"taxonomy":"category","embeddable":true,"href":"https:\/\/www.cnbb.org.br\/cnbb-app\/wp\/v2\/categories?post=18717"},{"taxonomy":"post_tag","embeddable":true,"href":"https:\/\/www.cnbb.org.br\/cnbb-app\/wp\/v2\/tags?post=18717"}],"curies":[{"name":"wp","href":"https:\/\/api.w.org\/{rel}","templated":true}]}}