{"id":18786,"date":"2012-01-20T00:00:00","date_gmt":"2012-01-20T02:00:00","guid":{"rendered":"https:\/\/www.cnbb.org.br\/dom-raymundo-damasceno-assis-em-bratislava-na-eslovaquia\/"},"modified":"2020-03-11T21:37:16","modified_gmt":"2020-03-12T00:37:16","slug":"dom-raymundo-damasceno-assis-em-bratislava-na-eslovaquia","status":"publish","type":"post","link":"https:\/\/www.cnbb.org.br\/dom-raymundo-damasceno-assis-em-bratislava-na-eslovaquia\/","title":{"rendered":"Dom Raymundo Damasceno Assis em Bratislava, na Eslov\u00e1quia"},"content":{"rendered":"<p style=\"text-align: justify\">No dia de hoje, 20, o arcebispo de Aparecida (SP) e presidente da Confer\u00eancia Nacional dos Bispos do Brasil (CNBB), cardeal Raymundo Damasceno Assis, e o reitor do Santu\u00e1rio Nacional de Aparecida, padre Darci Jos\u00e9 Nicioli, participam da celebra\u00e7\u00e3o para entroniza\u00e7\u00e3o da imagem de Nossa Senhora Aparecida na igreja de Nossa Senhora das Dores em Bratislava, capital da Eslov\u00e1quia.<\/p>\n<p><!--more--><\/p>\n<p style=\"text-align: justify\">A assessoria de imprensa da arquidiocese de Aparecida informa que o convite para a entroniza\u00e7\u00e3o foi feito a dom Damasceno pelo arcebispo de Bratislava, dom Stanislav Zvolensky, e pela embaixadora do Brasil na Eslov\u00e1quia, Marilia Sardemberg.<\/p>\n<p style=\"text-align: justify\">Nossa Senhora das Dores \u00e9 a padroeira da Eslov\u00e1quia. Bratislava \u00e9 a capital e principal cidade da Eslov\u00e1quia, situada a sudoeste do pa\u00eds, perto da fronteira com a \u00c1ustria. Com 427 mil habitantes, \u00e9 a maior cidade do pa\u00eds e \u00e9 a sede da presid\u00eancia, do parlamento e do governo eslovacos.<\/p>\n","protected":false},"excerpt":{"rendered":"<p>No dia de hoje, 20, o arcebispo de Aparecida (SP) e presidente da Confer\u00eancia Nacional dos Bispos do Brasil (CNBB), cardeal Raymundo Damasceno Assis, e o reitor do Santu\u00e1rio Nacional de Aparecida, padre Darci Jos\u00e9 Nicioli, participam da celebra\u00e7\u00e3o para entroniza\u00e7\u00e3o da imagem de Nossa Senhora Aparecida na igreja de Nossa Senhora das Dores em &hellip;<\/p>\n<p class=\"read-more\"> <a class=\"\" href=\"https:\/\/www.cnbb.org.br\/dom-raymundo-damasceno-assis-em-bratislava-na-eslovaquia\/\"> <span class=\"screen-reader-text\">Dom Raymundo Damasceno Assis em Bratislava, na Eslov\u00e1quia<\/span> Leia mais &raquo;<\/a><\/p>\n","protected":false},"author":83,"featured_media":17308,"comment_status":"open","ping_status":"open","sticky":false,"template":"","format":"standard","meta":{"site-sidebar-layout":"default","site-content-layout":"default","ast-global-header-display":"","ast-banner-title-visibility":"","ast-main-header-display":"","ast-hfb-above-header-display":"","ast-hfb-below-header-display":"","ast-hfb-mobile-header-display":"","site-post-title":"","ast-breadcrumbs-content":"","ast-featured-img":"","footer-sml-layout":"","theme-transparent-header-meta":"","adv-header-id-meta":"","stick-header-meta":"","header-above-stick-meta":"","header-main-stick-meta":"","header-below-stick-meta":""},"categories":[784],"tags":[],"acf":[],"_links":{"self":[{"href":"https:\/\/www.cnbb.org.br\/cnbb-app\/wp\/v2\/posts\/18786"}],"collection":[{"href":"https:\/\/www.cnbb.org.br\/cnbb-app\/wp\/v2\/posts"}],"about":[{"href":"https:\/\/www.cnbb.org.br\/cnbb-app\/wp\/v2\/types\/post"}],"author":[{"embeddable":true,"href":"https:\/\/www.cnbb.org.br\/cnbb-app\/wp\/v2\/users\/83"}],"replies":[{"embeddable":true,"href":"https:\/\/www.cnbb.org.br\/cnbb-app\/wp\/v2\/comments?post=18786"}],"version-history":[{"count":0,"href":"https:\/\/www.cnbb.org.br\/cnbb-app\/wp\/v2\/posts\/18786\/revisions"}],"wp:featuredmedia":[{"embeddable":true,"href":"https:\/\/www.cnbb.org.br\/cnbb-app\/wp\/v2\/media\/17308"}],"wp:attachment":[{"href":"https:\/\/www.cnbb.org.br\/cnbb-app\/wp\/v2\/media?parent=18786"}],"wp:term":[{"taxonomy":"category","embeddable":true,"href":"https:\/\/www.cnbb.org.br\/cnbb-app\/wp\/v2\/categories?post=18786"},{"taxonomy":"post_tag","embeddable":true,"href":"https:\/\/www.cnbb.org.br\/cnbb-app\/wp\/v2\/tags?post=18786"}],"curies":[{"name":"wp","href":"https:\/\/api.w.org\/{rel}","templated":true}]}}