{"id":18800,"date":"2012-07-02T00:00:00","date_gmt":"2012-07-02T03:00:00","guid":{"rendered":"https:\/\/www.cnbb.org.br\/delegacao-brasileira-acompanhara-eleicoes-presidenciais-do-timor-leste\/"},"modified":"2020-03-11T21:37:14","modified_gmt":"2020-03-12T00:37:14","slug":"delegacao-brasileira-acompanhara-eleicoes-presidenciais-do-timor-leste","status":"publish","type":"post","link":"https:\/\/www.cnbb.org.br\/delegacao-brasileira-acompanhara-eleicoes-presidenciais-do-timor-leste\/","title":{"rendered":"Delega\u00e7\u00e3o brasileira acompanhar\u00e1 elei\u00e7\u00f5es presidenciais do Timor-Leste"},"content":{"rendered":"<p style=\"text-align: justify\">O presidente da Funda\u00e7\u00e3o Cultural Palmares (FCP) se reuniu no dia 27 com o ministro Rog\u00e9rio Sottili, secret\u00e1rio executivo da Secretaria-Geral da Presid\u00eancia da Rep\u00fablica, para tratar dos \u00faltimos detalhes da miss\u00e3o brasileira no Timor-Leste que ser\u00e1 chefiada por Carlos Moura, coordenador-geral do Centro Nacional de Informa\u00e7\u00e3o e Refer\u00eancia da Cultura Negra (Cnirc) da FCP.<\/p>\n<p><!--more--><\/p>\n<p style=\"text-align: justify\">Eloi Ferreira destaca a import\u00e2ncia da participa\u00e7\u00e3o do Brasil neste momento da hist\u00f3ria do Timor. \u201c\u00c9 uma honra que possamos participar de decis\u00f5es t\u00e3o relevantes \u00e0s quest\u00f5es da popula\u00e7\u00e3o de l\u00edngua portuguesa dentro e fora do Brasil\u201d, afirmou. \u201cMostra que apesar de estarmos envolvidos com as nossas pr\u00f3prias demandas, temos uma preocupa\u00e7\u00e3o humanit\u00e1ria que transcende \u00e0s necessidades de outros pa\u00edses\u201d, completou.<\/p>\n<p style=\"text-align: justify\">Para Moura, seu papel como membro-chefe da delega\u00e7\u00e3o e representante da FCP significa refor\u00e7o da ponte cultural entre os dois pa\u00edses de l\u00edngua portuguesa, al\u00e9m da rela\u00e7\u00e3o de parceria da Palmares com outros pa\u00edses. \u201c\u00c9 o reconhecimento e valoriza\u00e7\u00e3o do nosso trabalho e uma oportunidade que s\u00f3 nos engrandece enquanto institui\u00e7\u00e3o\u201d, afirmou.<\/p>\n<p style=\"text-align: justify\">J\u00e1 Sottili elogiou a escolha de Moura pelo Minist\u00e9rio da Cultura (Minc) para chefiar a delega\u00e7\u00e3o do Brasil por sua relevante experi\u00eancia e por se destacar em sua liga\u00e7\u00e3o com a Comunidade dos Pa\u00edses de L\u00edngua Portuguesa (CPLP) da qual o pa\u00eds faz parte.<\/p>\n<p style=\"text-align: justify\"><strong>Miss\u00e3o CPLP<\/strong><\/p>\n<p style=\"text-align: justify\">A convite do Governo da Rep\u00fablica Democr\u00e1tica de Timor-Leste, a comiss\u00e3o composta por especialistas acompanhar\u00e1 as elei\u00e7\u00f5es presidenciais do pa\u00eds previstas para o dia 7 de julho. O Timor-Leste que s\u00f3 teve sua independ\u00eancia declarada h\u00e1 10 anos est\u00e1 entre os pa\u00edses mais jovens do mundo e tem nas elei\u00e7\u00f5es de 2012 a expectativa de consolida\u00e7\u00e3o de seu processo democr\u00e1tico.<\/p>\n<p style=\"text-align: justify\">Agendado para 1\u00b0 de julho, com as pr\u00e9vias das elei\u00e7\u00f5es, a miss\u00e3o brasileira deve seguir at\u00e9 o pr\u00f3ximo dia 16, quando ter\u00e1 seu encerramento marcado por uma reuni\u00e3o da CPLP em Lisboa. Neste per\u00edodo, os observadores poder\u00e3o acompanhar as elei\u00e7\u00f5es nos 13 distritos timorenses.<\/p>\n<p style=\"text-align: justify\">Al\u00e9m de participar de reuni\u00f5es com todas as inst\u00e2ncias do poder do Timor, a delega\u00e7\u00e3o acompanhar\u00e1, por exemplo, as leis que enquadram o processo eleitoral, o trabalho da administra\u00e7\u00e3o e o papel da sociedade civil. Dentro do contexto geral ser\u00e1 avaliada ainda quest\u00f5es como a participa\u00e7\u00e3o das mulheres no processo, a vota\u00e7\u00e3o, a contagem de votos, as apura\u00e7\u00f5es dos resultados e a sua repercuss\u00e3o.<\/p>\n<p style=\"text-align: justify\">A partir das decis\u00f5es eleitorais de 2012, o pa\u00eds conquistar\u00e1 sua autonomia em diversos aspectos no que diz respeito a sua autonomia interna e em rela\u00e7\u00e3o \u00e0 sua participa\u00e7\u00e3o na economia, pol\u00edtica e nos conselhos do mundo.<\/p>\n","protected":false},"excerpt":{"rendered":"<p>O presidente da Funda\u00e7\u00e3o Cultural Palmares (FCP) se reuniu no dia 27 com o ministro Rog\u00e9rio Sottili, secret\u00e1rio executivo da Secretaria-Geral da Presid\u00eancia da Rep\u00fablica, para tratar dos \u00faltimos detalhes da miss\u00e3o brasileira no Timor-Leste que ser\u00e1 chefiada por Carlos Moura, coordenador-geral do Centro Nacional de Informa\u00e7\u00e3o e Refer\u00eancia da Cultura Negra (Cnirc) da FCP.<\/p>\n","protected":false},"author":83,"featured_media":18801,"comment_status":"open","ping_status":"open","sticky":false,"template":"","format":"standard","meta":{"site-sidebar-layout":"default","site-content-layout":"default","ast-global-header-display":"","ast-banner-title-visibility":"","ast-main-header-display":"","ast-hfb-above-header-display":"","ast-hfb-below-header-display":"","ast-hfb-mobile-header-display":"","site-post-title":"","ast-breadcrumbs-content":"","ast-featured-img":"","footer-sml-layout":"","theme-transparent-header-meta":"","adv-header-id-meta":"","stick-header-meta":"","header-above-stick-meta":"","header-main-stick-meta":"","header-below-stick-meta":""},"categories":[784],"tags":[],"acf":[],"_links":{"self":[{"href":"https:\/\/www.cnbb.org.br\/cnbb-app\/wp\/v2\/posts\/18800"}],"collection":[{"href":"https:\/\/www.cnbb.org.br\/cnbb-app\/wp\/v2\/posts"}],"about":[{"href":"https:\/\/www.cnbb.org.br\/cnbb-app\/wp\/v2\/types\/post"}],"author":[{"embeddable":true,"href":"https:\/\/www.cnbb.org.br\/cnbb-app\/wp\/v2\/users\/83"}],"replies":[{"embeddable":true,"href":"https:\/\/www.cnbb.org.br\/cnbb-app\/wp\/v2\/comments?post=18800"}],"version-history":[{"count":0,"href":"https:\/\/www.cnbb.org.br\/cnbb-app\/wp\/v2\/posts\/18800\/revisions"}],"wp:featuredmedia":[{"embeddable":true,"href":"https:\/\/www.cnbb.org.br\/cnbb-app\/wp\/v2\/media\/18801"}],"wp:attachment":[{"href":"https:\/\/www.cnbb.org.br\/cnbb-app\/wp\/v2\/media?parent=18800"}],"wp:term":[{"taxonomy":"category","embeddable":true,"href":"https:\/\/www.cnbb.org.br\/cnbb-app\/wp\/v2\/categories?post=18800"},{"taxonomy":"post_tag","embeddable":true,"href":"https:\/\/www.cnbb.org.br\/cnbb-app\/wp\/v2\/tags?post=18800"}],"curies":[{"name":"wp","href":"https:\/\/api.w.org\/{rel}","templated":true}]}}