{"id":18802,"date":"2012-07-04T00:00:00","date_gmt":"2012-07-04T03:00:00","guid":{"rendered":"https:\/\/www.cnbb.org.br\/programa-oficial-da-viagem-do-papa-ao-libano\/"},"modified":"2020-03-11T21:37:14","modified_gmt":"2020-03-12T00:37:14","slug":"programa-oficial-da-viagem-do-papa-ao-libano","status":"publish","type":"post","link":"https:\/\/www.cnbb.org.br\/programa-oficial-da-viagem-do-papa-ao-libano\/","title":{"rendered":"Programa oficial da viagem do Papa ao L\u00edbano"},"content":{"rendered":"<p style=\"text-align: justify\">No boletim de not\u00edcias da R\u00e1dio Vaticano desta ter\u00e7a-feira, 3 de julho, foi divulgado o programa oficial da visita de Bento XVI ao L\u00edbano. A viagem ser\u00e1 realizada entre 14 e 16 de setembro e ser\u00e1 a 24\u00aa Viagem Apost\u00f3lica internacional do atual pontificado. Com isso, o Papa voltar\u00e1 ao Oriente M\u00e9dio depois de ter ido \u00e0 Terra Santa, em 2009.<\/p>\n<p><!--more--><\/p>\n<div style=\"text-align: justify\"><\/div>\n<div align=\"justify\"><\/div>\n<div align=\"justify\">Na sexta-feira, 14 de setembro, \u00e0s 9h30 (hora local) Bento XVI parte de Roma num voo direto a Beirute. A cerim\u00f4nia de boas-vindas ao L\u00edbano acontece \u00e0s 13h45 no Aeroporto Internacional Rafiq Hariri. Para esta ocasi\u00e3o est\u00e1 previsto o primeiro discurso do Papa em terras libanesas.<\/div>\n<div style=\"text-align: justify\"><\/div>\n<div style=\"text-align: justify\"><\/div>\n<p style=\"text-align: justify\">No mesmo dia, \u00e0s 18h, o Papa visita a Bas\u00edlica de S\u00e3o Paulo em Harissa e assina a Exorta\u00e7\u00e3o Apost\u00f3lica p\u00f3s-Sinodal. Nesta ocasi\u00e3o, tamb\u00e9m, prev\u00ea-se um discurso de Bento XVI.<\/p>\n<p style=\"text-align: justify\">\nJ\u00e1 no s\u00e1bado, 15 de setembro, \u00e0s 8h acontece uma Missa privada. Depois, \u00e0s 10h, o Papa faz uma visita de cortesia ao Presidente da Rep\u00fablica do L\u00edbano, em Baabda. \u00c0s 10h50 Bento XVI mant\u00e9m encontro com os chefes das comunidades religiosas mu\u00e7ulmanas e, em seguida, recebe membros do governo, demais chefes religiosos e diplomatas. Para esta ocasi\u00e3o tamb\u00e9m est\u00e1 programado um discurso do Papa.<\/p>\n<div style=\"text-align: justify\"><\/div>\n<p style=\"text-align: justify\">\nMudando de cidade, em Bzommar, \u00e0s 13h30, o Papa almo\u00e7a com os Patriarcas e Bispos do L\u00edbano e com membros do Conselho Especial para o Oriente M\u00e9dio do S\u00ednodo dos Bispos. J\u00e1 em Bkerk\u00e9, por volta das 18h, Bento XVI se encontra com os jovens na pra\u00e7a do Patriarcado Maronita de Bkerk\u00e9. O Papa far\u00e1 discurso por essa ocasi\u00e3o.<\/p>\n<div style=\"text-align: justify\"><\/div>\n<p style=\"text-align: justify\">\nNo domingo, 16 de setembro, \u00faltimo dia de viagem, na capital Beirute, \u00e0s 10h, acontece a Santa Missa e a entrega da Exorta\u00e7\u00e3o Apost\u00f3lica p\u00f3s-Sinodal para o Oriente M\u00e9dio ao \u201cBeirut City Center Waterfront\u201d.<\/p>\n<div style=\"text-align: justify\"><\/div>\n<p style=\"text-align: justify\">\nEm seguida, \u00e0s 13h20, o Papa almo\u00e7a na Nunciatura Apost\u00f3lica em Harissa e, por volta das 16h50, despede-se seguindo para um Encontro Ecum\u00eanico no Patriarcado Siro-cat\u00f3lico de Charfet. No fechamento da Viagem Apost\u00f3lica, \u00e0s 18h30, de volta ao Aeroporto Internacional de Rafiq Hariri o Papa faz seu \u00faltimo discurso antes de embarcar de volta para Roma.<\/p>\n<p>&nbsp;<\/p>\n","protected":false},"excerpt":{"rendered":"<p>No boletim de not\u00edcias da R\u00e1dio Vaticano desta ter\u00e7a-feira, 3 de julho, foi divulgado o programa oficial da visita de Bento XVI ao L\u00edbano. A viagem ser\u00e1 realizada entre 14 e 16 de setembro e ser\u00e1 a 24\u00aa Viagem Apost\u00f3lica internacional do atual pontificado. Com isso, o Papa voltar\u00e1 ao Oriente M\u00e9dio depois de ter &hellip;<\/p>\n<p class=\"read-more\"> <a class=\"\" href=\"https:\/\/www.cnbb.org.br\/programa-oficial-da-viagem-do-papa-ao-libano\/\"> <span class=\"screen-reader-text\">Programa oficial da viagem do Papa ao L\u00edbano<\/span> Leia mais &raquo;<\/a><\/p>\n","protected":false},"author":83,"featured_media":18803,"comment_status":"open","ping_status":"open","sticky":false,"template":"","format":"standard","meta":{"site-sidebar-layout":"default","site-content-layout":"default","ast-global-header-display":"","ast-banner-title-visibility":"","ast-main-header-display":"","ast-hfb-above-header-display":"","ast-hfb-below-header-display":"","ast-hfb-mobile-header-display":"","site-post-title":"","ast-breadcrumbs-content":"","ast-featured-img":"","footer-sml-layout":"","theme-transparent-header-meta":"","adv-header-id-meta":"","stick-header-meta":"","header-above-stick-meta":"","header-main-stick-meta":"","header-below-stick-meta":""},"categories":[784],"tags":[],"acf":[],"_links":{"self":[{"href":"https:\/\/www.cnbb.org.br\/cnbb-app\/wp\/v2\/posts\/18802"}],"collection":[{"href":"https:\/\/www.cnbb.org.br\/cnbb-app\/wp\/v2\/posts"}],"about":[{"href":"https:\/\/www.cnbb.org.br\/cnbb-app\/wp\/v2\/types\/post"}],"author":[{"embeddable":true,"href":"https:\/\/www.cnbb.org.br\/cnbb-app\/wp\/v2\/users\/83"}],"replies":[{"embeddable":true,"href":"https:\/\/www.cnbb.org.br\/cnbb-app\/wp\/v2\/comments?post=18802"}],"version-history":[{"count":0,"href":"https:\/\/www.cnbb.org.br\/cnbb-app\/wp\/v2\/posts\/18802\/revisions"}],"wp:featuredmedia":[{"embeddable":true,"href":"https:\/\/www.cnbb.org.br\/cnbb-app\/wp\/v2\/media\/18803"}],"wp:attachment":[{"href":"https:\/\/www.cnbb.org.br\/cnbb-app\/wp\/v2\/media?parent=18802"}],"wp:term":[{"taxonomy":"category","embeddable":true,"href":"https:\/\/www.cnbb.org.br\/cnbb-app\/wp\/v2\/categories?post=18802"},{"taxonomy":"post_tag","embeddable":true,"href":"https:\/\/www.cnbb.org.br\/cnbb-app\/wp\/v2\/tags?post=18802"}],"curies":[{"name":"wp","href":"https:\/\/api.w.org\/{rel}","templated":true}]}}